{"id":1004,"date":"2021-06-14T00:01:06","date_gmt":"2021-06-13T22:01:06","guid":{"rendered":"http:\/\/www.lefolan.com\/fr\/?p=1004"},"modified":"2021-06-14T00:12:03","modified_gmt":"2021-06-13T22:12:03","slug":"convergence-africaine-vers-un-parlement-representatif","status":"publish","type":"post","link":"http:\/\/www.lefolan.com\/fr\/2021\/06\/14\/convergence-africaine-vers-un-parlement-representatif\/","title":{"rendered":"CONVERGENCE AFRICAINE\u00a0: VERS UN PARLEMENT REPR\u00c9SENTATIF"},"content":{"rendered":"\n<p>Apr\u00e8s la mise en place d\u2019une plateforme ( Convergence Africaine) de discussion,&nbsp; d&rsquo;\u00e9changes par des jeunes Africains soucieux du d\u00e9veloppement du continent, le pr\u00e9sident du parti LES D\u00c9MOCRATES, a fait&nbsp; des propositions de construction&nbsp; pour garantir l&rsquo;Unit\u00e9&nbsp; Africaine lors d\u2019un d\u00e9bat sur l\u2019Afrique organis\u00e9 dans le groupe WhatsApp de la dite plate-forme ce week-end dans lequel une dizaine des pays du continent ont pris part.&nbsp;<\/p>\n\n\n\n<p>Votre quotidien loupeguinee.com vous propose les propos de ce panafricain qui ne r\u00eave pour le bonheur des africains et l\u2019Afrique.&nbsp;<\/p>\n\n\n\n<p>\u300a Bonjour Mesdames, Mesdemoiselles&nbsp; et Messieurs , je suis les interventions des uns et des autres. Il y a de belles interventions, cela prouve que, la jeunesse Africaine est consciente du danger qui mine l&rsquo;Afrique. Donc, il est temps qu&rsquo;elle prenne ses dispositions pour se projeter dans la perspective.&nbsp; Il ne faut pas attendre que, le p\u00e8re de famille meurt,&nbsp; que le premier fils, \u00e0 l&rsquo;image d&rsquo;un \u00c9tat,&nbsp; consid\u00e9r\u00e9 comme le premier Ministre, prenne ses dispositions.\u300b<\/p>\n\n\n\n<p>Il faut, \u00e0 partir du moment,&nbsp; qu&rsquo;on est conscient du danger qui ronge,&nbsp; le devenir de la famille, apr\u00e8s la mort du premier chef de la famille, que l&rsquo;adjoint(e) se positionne, avec de nouvelles id\u00e9es, des propositions, des projets de d\u00e9veloppement au b\u00e9n\u00e9fice de tous.<\/p>\n\n\n\n<p>A tous, \u00e9tant ici, panafricanistes convaincu, nous devons, d\u00e9fendre les bonnes id\u00e9es \u00e9mise&nbsp;place par les&nbsp; p\u00e8res panafricanistes.&nbsp;<\/p>\n\n\n\n<p>Pour avancer dans le projet des ETATS UNIS D&rsquo;AFRIQUE,&nbsp; il nous faut un parlement de l&rsquo;union Africaine.&nbsp; Un&nbsp; parlement dont l&rsquo;\u00e9lection des d\u00e9put\u00e9s seront issu des \u00e9lections l\u00e9gislatives Africaines dans les 54 \u00c9tats africains.&nbsp;<\/p>\n\n\n\n<p>Une \u00e9lection des d\u00e9put\u00e9s \u00e9lus au suffrage universel direct ( SUD), des citoyens de nos \u00c9tats respectifs. Si nous r\u00e9ussissons \u00e0 mettre en place cet espace inter africain, de dialogues, de prise de d\u00e9cisions, nous aurions r\u00e9ussi un grand coup, et une avanc\u00e9e \u00e9norme dans notre projet des ETATS UNIS D&rsquo;AFRIQUE.&nbsp;<\/p>\n\n\n\n<p>Pour le moment,&nbsp; seule la CEDEAO, qui se trouve sur cette voie. Car, il y a un soi-disant parlement de la CEDEAO. Il r\u00e9unit les d\u00e9l\u00e9gations des diff\u00e9rents groupes parlementaires des d\u00e9putes&nbsp; des partis au pouvoir dans nos 16 \u00c9tats de l&rsquo;Afrique de l&rsquo;ouest.<\/p>\n\n\n\n<p>Ce n&rsquo;est pas le mode de repr\u00e9sentation \u00e9lective que, nous souhaitons mettre en place, pour une repr\u00e9sentativit\u00e9 l\u00e9gitime, l\u00e9gale, mais nous pouvons d\u00e9j\u00e0 appr\u00e9cier l&rsquo;id\u00e9e des chefs d\u2019\u00c9tats de l&rsquo;Afrique de l&rsquo;Ouest. En avance par rapport aux autres pays de d&rsquo;Afrique de: l&rsquo;Est, du Sud, du Centrale, du Nord.&nbsp;<\/p>\n\n\n\n<p>Je ne connais pas les r\u00e9alisations ou les r\u00e9alit\u00e9s organisationnelles des ces entit\u00e9s Panafricanismes.<\/p>\n\n\n\n<p>&nbsp;Dans ce sens, je solliciterais un apport profond de certains amis ici pr\u00e9sents sur la plateforme,&nbsp; de m&rsquo;apporter des nouvelles concernant les travaux organisationnels de ces structures. A cet effet, nous pouvons travailler ensemble, pour r\u00e9ussir notre projet.<\/p>\n\n\n\n<p>Je finis mon intervention par cette question : \u300aComment pouvons-nous parvenir \u00e0 la mise en place d&rsquo;un parlement Africain, repr\u00e9sentatif de nos \u00c9tats respectifs, sans heurter les souverainet\u00e9s de ces pays ? \u300b<\/p>\n\n\n\n<p>Tour\u00e9 Fod\u00e9 Abass&nbsp;<\/p>\n\n\n\n<p>Pr\u00e9sident du parti&nbsp;<\/p>\n\n\n\n<p>LES D\u00c9MOCRATES, un parti politique guin\u00e9en<\/p>\n","protected":false},"excerpt":{"rendered":"<div class=\"mh-excerpt\"><p>Apr\u00e8s la mise en place d\u2019une plateforme ( Convergence Africaine) de discussion,&nbsp; d&rsquo;\u00e9changes par des jeunes Africains soucieux du d\u00e9veloppement du continent, le pr\u00e9sident du <a class=\"mh-excerpt-more\" href=\"http:\/\/www.lefolan.com\/fr\/2021\/06\/14\/convergence-africaine-vers-un-parlement-representatif\/\" title=\"CONVERGENCE AFRICAINE\u00a0: VERS UN PARLEMENT REPR\u00c9SENTATIF\">[&#8230;]<\/a><\/p>\n<\/div>","protected":false},"author":1,"featured_media":778,"comment_status":"closed","ping_status":"open","sticky":false,"template":"","format":"standard","meta":[],"categories":[3],"tags":[],"_links":{"self":[{"href":"http:\/\/www.lefolan.com\/fr\/wp-json\/wp\/v2\/posts\/1004"}],"collection":[{"href":"http:\/\/www.lefolan.com\/fr\/wp-json\/wp\/v2\/posts"}],"about":[{"href":"http:\/\/www.lefolan.com\/fr\/wp-json\/wp\/v2\/types\/post"}],"author":[{"embeddable":true,"href":"http:\/\/www.lefolan.com\/fr\/wp-json\/wp\/v2\/users\/1"}],"replies":[{"embeddable":true,"href":"http:\/\/www.lefolan.com\/fr\/wp-json\/wp\/v2\/comments?post=1004"}],"version-history":[{"count":2,"href":"http:\/\/www.lefolan.com\/fr\/wp-json\/wp\/v2\/posts\/1004\/revisions"}],"predecessor-version":[{"id":1006,"href":"http:\/\/www.lefolan.com\/fr\/wp-json\/wp\/v2\/posts\/1004\/revisions\/1006"}],"wp:featuredmedia":[{"embeddable":true,"href":"http:\/\/www.lefolan.com\/fr\/wp-json\/wp\/v2\/media\/778"}],"wp:attachment":[{"href":"http:\/\/www.lefolan.com\/fr\/wp-json\/wp\/v2\/media?parent=1004"}],"wp:term":[{"taxonomy":"category","embeddable":true,"href":"http:\/\/www.lefolan.com\/fr\/wp-json\/wp\/v2\/categories?post=1004"},{"taxonomy":"post_tag","embeddable":true,"href":"http:\/\/www.lefolan.com\/fr\/wp-json\/wp\/v2\/tags?post=1004"}],"curies":[{"name":"wp","href":"https:\/\/api.w.org\/{rel}","templated":true}]}}