{"id":1032,"date":"2022-01-03T19:54:15","date_gmt":"2022-01-03T18:54:15","guid":{"rendered":"http:\/\/www.lefolan.com\/fr\/?p=1032"},"modified":"2022-01-03T19:55:02","modified_gmt":"2022-01-03T18:55:02","slug":"nouvel-an-2022-les-voeux-de-toure-fode-abass-presidentdu-parti-les-democrates","status":"publish","type":"post","link":"http:\/\/www.lefolan.com\/fr\/2022\/01\/03\/nouvel-an-2022-les-voeux-de-toure-fode-abass-presidentdu-parti-les-democrates\/","title":{"rendered":"NOUVEL AN 2022 : LES V\u0152UX DE TOURE FODE ABASS PRESIDENTDU PARTI LES DEMOCRATES"},"content":{"rendered":"\n<p><strong>Mes chers compatriotes,<\/strong><\/p>\n\n\n\n<p>Au terme de l&rsquo;ann\u00e9e 2021, qui marque la venue d&rsquo;une nouvelle, en ma qualit\u00e9 de pr\u00e9sident du Parti LES D\u00c9MOCRATES,&nbsp; je profite de l&rsquo;instant vous pr\u00e9senter mes meilleurs v\u0153ux de nouvel an 2022.<\/p>\n\n\n\n<p>Les ann\u00e9es 2020 et 2021 auront \u00e9t\u00e9 pour notre pays une s\u00e9rie de d\u00e9g\u00e2ts tant sur le plan social, humain et politique.<\/p>\n\n\n\n<p>Tout d&rsquo;abord sur le plan social et humain&nbsp; notre soci\u00e9t\u00e9 a g\u00e9n\u00e9ralement fait l&rsquo;objet d&rsquo;une s\u00e9rie de crise sanitaire&nbsp; qui a conduit nombreux d&rsquo;entre nous&nbsp; de perte en vie humaine. Une pand\u00e9mie qui emporte beaucoup de nos compatriotes.&nbsp; Ce qui a marqu\u00e9 un soubresaut de ralentissement, dans l&rsquo;ex\u00e9cution, de nombreux projets, et&nbsp; de d\u00e9veloppement dans notre pays.<\/p>\n\n\n\n<p>A ce niveau toujours,&nbsp; notre soci\u00e9t\u00e9 a \u00e9t\u00e9 \u00e9branl\u00e9e par des questions de divisions d&rsquo;ordre ethniques, ce qui n&rsquo;a pas forc\u00e9ment occasionn\u00e9 la coh\u00e9sion sociale,&nbsp; mais aussi n&rsquo;a pas donn\u00e9 la possibilit\u00e9&nbsp; aux gouvernants de l&rsquo;\u00e9poque de rassembler le peuple de Guin\u00e9e derri\u00e8re un id\u00e9al commun.<\/p>\n\n\n\n<p>Les ann\u00e9es 2020 et 2021 se sont sold\u00e9es par un \u00e9chec de voir que l&rsquo;espoir tant attendu en 2010 s&rsquo;est envol\u00e9 en \u00e9clat.<\/p>\n\n\n\n<p>Sur le plan politique, notre pays a \u00e9t\u00e9 d&rsquo;abord secou\u00e9 d\u00e8s le d\u00e9but de 2020 par une crise de troisi\u00e8me mandat.&nbsp; Ce qui a conduit \u00e0 la&nbsp; confiscation de nos libert\u00e9s,&nbsp; et imput\u00e9 \u00e0 notre jeune d\u00e9mocratie l&rsquo;essence r\u00e9elle de son existence. Malgr\u00e9 toute cette d\u00e9marche ill\u00e9gale de l&rsquo;ex pr\u00e9sident qui nous a priv\u00e9 du rayonnement de la vraie d\u00e9mocratie,&nbsp; mais donnant naissance \u00e0 une IV R\u00e9publique.qui a \u00e9t\u00e9 fond\u00e9e en Guin\u00e9e sur les cendres des citoyens, mais aussi elle fut courte.&nbsp; C&rsquo;est le prix du combat contre un r\u00e9gime qui leur a priv\u00e9 de leur libert\u00e9 de manifester contre une tyrannie. Selon Thomas Jefferson, homme politique&nbsp; am\u00e9ricain&nbsp; de 1743 -1826 disait: \u300aLe prix de la libert\u00e9 c&rsquo;est la vigilance \u00e9ternelle\u300b. Une soci\u00e9t\u00e9 maltrait\u00e9e,&nbsp; r\u00e9prim\u00e9e, qui a une libert\u00e9 confisqu\u00e9e m\u00e8ne deux types de combats pour sa survie. Le premier c&rsquo;est avec les lois, le second avec la force : \u300ail y a deux mani\u00e8res de combattre, l&rsquo;une avec les lois, l&rsquo;autre avec la force. La premi\u00e8re est propre aux hommes,&nbsp; l&rsquo;autre nous est commune&nbsp; avec les b\u00eates.(Nicolas Machiavel homme politique&nbsp; et \u00e9crivain Italien&nbsp; de 1469-1527).<\/p>\n\n\n\n<p>Ce combat nous l&rsquo;avons certes perdu sous ces deux formes, parce qu&rsquo;il n&rsquo;y avait pas, en face, une force politique bien organis\u00e9e.&nbsp; Le d\u00e9mon \u00e9tait plus fort.&nbsp;<\/p>\n\n\n\n<p>La nouvelle R\u00e9publique n\u00e9e&nbsp; de la constitution&nbsp; du 22 mars 2020, avait-elle des vertus ? Certes non.<\/p>\n\n\n\n<p>La R\u00e9publique qu&rsquo;un peuple r\u00eave est celle qui est d\u00e9finie comme suit:\u300aLa&nbsp; R\u00e9publique&nbsp; porte en elle m\u00eame une vertu pr\u00e9cieuse,&nbsp; elle est le seul r\u00e9gime&nbsp; perfectible par nature\u300b: Roger Martin du Grand \u00e9crivain Fran\u00e7ais.&nbsp; Il n&rsquo;y avait ni de vertu ni de droit l\u00e9gal. La seule chose que l&rsquo;on pourrait retenir de cette IV&nbsp; R\u00e9publique, son id\u00e9e&nbsp; \u00e9tait&nbsp; le troisi\u00e8me mandat,&nbsp; sur un principe&nbsp; d&rsquo;in\u00e9galit\u00e9,&nbsp; elle&nbsp; n&rsquo;incarnait point le progr\u00e8s&nbsp; social,&nbsp; raison pour laquelle,&nbsp; elle aura \u00e9t\u00e9 v\u00e9cue une courte dur\u00e9e.&nbsp;<\/p>\n\n\n\n<p>Mais aussi, nous l&rsquo;avons gagn\u00e9. Les \u00e9v\u00e9nements du 05 septembre 2021 viennent d&rsquo;ouvrir une voie vers le progr\u00e8s social, une R\u00e9publique&nbsp; qui a pour base qu&rsquo;une seule id\u00e9e,&nbsp; est celle R\u00e9publicaine,&nbsp; fond\u00e9e&nbsp; sur un principe&nbsp; d&rsquo;\u00e9galit\u00e9, de l\u00e9gitimit\u00e9,&nbsp; qui garantit les droits humains&nbsp; comme annonc\u00e9 dans les principes g\u00e9n\u00e9raux&nbsp; du respect des droits fondamentaux des \u00eatres humains&nbsp; de 1948.<\/p>\n\n\n\n<p>Chers compatriotes,<\/p>\n\n\n\n<p>D\u00e9sormais avec le CNRD, qui nous pr\u00e9sente&nbsp; un projet de refondation de notre soci\u00e9t\u00e9&nbsp; guin\u00e9enne, sollicite la participation de tous pour reconstruire l&rsquo;\u00e9difice.&nbsp;<\/p>\n\n\n\n<p>Pour le Pr\u00e9sident de la R\u00e9publique l&rsquo;\u00e9dification de notre nation passe par deux principes.&nbsp; Le premier rassure et garantit notre devenir commun : c&rsquo;est la r\u00e9conciliation.&nbsp; Le second est fond\u00e9 sur la confiance&nbsp; aux institutions fortes qui seront install\u00e9es.&nbsp; Un principe moral et juridique est de mise pour garantir nos institutions&nbsp; r\u00e9publicaines.<\/p>\n\n\n\n<p>\u300aNous fonderons une Nation\u300b. Une nation est \u300a un groupe humain qui se caract\u00e9rise par la conscience de son unit\u00e9&nbsp; et la volont\u00e9&nbsp; de vivre<\/p>\n\n\n\n<p>en commun \u300b. Cette conscience d&rsquo;unit\u00e9&nbsp; nationale doit&nbsp; d\u00e9sormais, nous caract\u00e9riser et fonder la volont\u00e9 de vivre en commun pour un avenir meilleur.&nbsp; \u300a D\u00e9sormais nous laissons derri\u00e8re nous, l&rsquo;ethnocentrisme,&nbsp; la dilapidation de nos richesses, la corruption, l\u2019injustice, la tyrannie. . &#8230;\u300bselon le pr\u00e9sident de la R\u00e9publique. Ces fl\u00e9aux n&rsquo;ont plus de place dans notre soci\u00e9t\u00e9 nouvelle que nous voulons fonder avec tous les fils et filles du pays. Ils n&rsquo;ont de place que dans une soci\u00e9t\u00e9 archa\u00efque.&nbsp;<\/p>\n\n\n\n<p>Dans ce sens, les responsables de notre Parti se sont retrouv\u00e9s pour r\u00e9pondre \u00e0 l&rsquo;appel du chef de l\u2019\u00c9tat.&nbsp; En lui disant que, nous sommes dispos\u00e9s de l&rsquo;accompagner dans le projet de rassemblement et de refondation de notre Guin\u00e9e \u00e0 nous tous.<\/p>\n\n\n\n<p>Les alliances de Partis politiques qui se forment,&nbsp; ne font pas parties de nos pr\u00e9occupations. Pour l&rsquo;heure, c&rsquo;est la maison m\u00e8re qui br\u00fble. Il nous faut une mobilisation nationale de patriotes, pour endiguer le mal qui ronge notre beau pays.<\/p>\n\n\n\n<p>Chers compatriotes,<\/p>\n\n\n\n<p>A partir du mois de f\u00e9vrier 2022, je voudrais, avec vous s&rsquo;engager dans une remobilisation, afin de nous permettre&nbsp; d&rsquo;implanter&nbsp; notre parti sur toute l&rsquo;\u00e9tendue du territoire national. Pour r\u00e9aliser et r\u00e9ussir cette mission ensemble,&nbsp; je vous demande tout d&rsquo;abord le courage, l&rsquo;abn\u00e9gation,&nbsp; construire et consolider un climat&nbsp; de confiance entre nous. Car sans confiance entre les personnes qui ont pour vocation de travailler ensemble,&nbsp; ils ne seront r\u00e9ussir leur projet.<\/p>\n\n\n\n<p>Conscient de ce qui nous reste \u00e0 faire, non seulement je mesure la confiance que vous placez en moi,&nbsp; aussi, je vous rassure, je ferai tout,&nbsp; d&rsquo;\u00eatre&nbsp; \u00e0 la hauteur de vos attentes.&nbsp;<\/p>\n\n\n\n<p>Fort et conscient de cette position, je formule&nbsp; pour vous et pour vos familles respectives, ainsi qu&rsquo;\u00e0&nbsp; toutes les Guin\u00e9ennes et \u00e0 tous les Guin\u00e9ens, une bonne et heureuse ann\u00e9e 2022.<\/p>\n\n\n\n<p>&nbsp;Que cette ann\u00e9e soit pour notre pays,&nbsp; celle d&rsquo;une paix durable,&nbsp; de r\u00e9alisation de tous nos projets de soci\u00e9t\u00e9 surtout la naissance d&rsquo;une Guin\u00e9e nouvelle,&nbsp; dans laquelle chacun de nous trouvera sa place dans ce processus de refondation.<\/p>\n\n\n\n<p>Vive la Guin\u00e9e&nbsp;<\/p>\n\n\n\n<p>Vive la R\u00e9publique&nbsp;<\/p>\n\n\n\n<p>Vive le Parti Les D\u00e9mocrates&nbsp;<\/p>\n\n\n\n<p>Tour\u00e9 Fod\u00e9 Abass Pr\u00e9sident du Parti LES D\u00c9MOCRATES<\/p>\n","protected":false},"excerpt":{"rendered":"<div class=\"mh-excerpt\"><p>Mes chers compatriotes, Au terme de l&rsquo;ann\u00e9e 2021, qui marque la venue d&rsquo;une nouvelle, en ma qualit\u00e9 de pr\u00e9sident du Parti LES D\u00c9MOCRATES,&nbsp; je profite <a class=\"mh-excerpt-more\" href=\"http:\/\/www.lefolan.com\/fr\/2022\/01\/03\/nouvel-an-2022-les-voeux-de-toure-fode-abass-presidentdu-parti-les-democrates\/\" title=\"NOUVEL AN 2022 : LES V\u0152UX DE TOURE FODE ABASS PRESIDENTDU PARTI LES DEMOCRATES\">[&#8230;]<\/a><\/p>\n<\/div>","protected":false},"author":1,"featured_media":1034,"comment_status":"closed","ping_status":"open","sticky":false,"template":"","format":"standard","meta":[],"categories":[1],"tags":[],"_links":{"self":[{"href":"http:\/\/www.lefolan.com\/fr\/wp-json\/wp\/v2\/posts\/1032"}],"collection":[{"href":"http:\/\/www.lefolan.com\/fr\/wp-json\/wp\/v2\/posts"}],"about":[{"href":"http:\/\/www.lefolan.com\/fr\/wp-json\/wp\/v2\/types\/post"}],"author":[{"embeddable":true,"href":"http:\/\/www.lefolan.com\/fr\/wp-json\/wp\/v2\/users\/1"}],"replies":[{"embeddable":true,"href":"http:\/\/www.lefolan.com\/fr\/wp-json\/wp\/v2\/comments?post=1032"}],"version-history":[{"count":1,"href":"http:\/\/www.lefolan.com\/fr\/wp-json\/wp\/v2\/posts\/1032\/revisions"}],"predecessor-version":[{"id":1033,"href":"http:\/\/www.lefolan.com\/fr\/wp-json\/wp\/v2\/posts\/1032\/revisions\/1033"}],"wp:featuredmedia":[{"embeddable":true,"href":"http:\/\/www.lefolan.com\/fr\/wp-json\/wp\/v2\/media\/1034"}],"wp:attachment":[{"href":"http:\/\/www.lefolan.com\/fr\/wp-json\/wp\/v2\/media?parent=1032"}],"wp:term":[{"taxonomy":"category","embeddable":true,"href":"http:\/\/www.lefolan.com\/fr\/wp-json\/wp\/v2\/categories?post=1032"},{"taxonomy":"post_tag","embeddable":true,"href":"http:\/\/www.lefolan.com\/fr\/wp-json\/wp\/v2\/tags?post=1032"}],"curies":[{"name":"wp","href":"https:\/\/api.w.org\/{rel}","templated":true}]}}