{"id":1131,"date":"2023-10-27T22:25:23","date_gmt":"2023-10-27T20:25:23","guid":{"rendered":"https:\/\/www.lefolan.com\/fr\/?p=1131"},"modified":"2023-10-27T22:30:59","modified_gmt":"2023-10-27T20:30:59","slug":"guinee-mamady-doumbouya-parrain-de-lethnicite-cette-fatalite-exorcisee-qui-freine-depuis-six-decennies-le-pays","status":"publish","type":"post","link":"http:\/\/www.lefolan.com\/fr\/2023\/10\/27\/guinee-mamady-doumbouya-parrain-de-lethnicite-cette-fatalite-exorcisee-qui-freine-depuis-six-decennies-le-pays\/","title":{"rendered":"Guin\u00e9e\/Mamady Doumbouya parrain de l\u2019ethnicit\u00e9, cette fatalit\u00e9 exorcis\u00e9e qui freine depuis six d\u00e9cennies le pays.\u00a0"},"content":{"rendered":"\n<p><strong>Nous avons tous cru que le coup d\u2019\u00c9tat militaire du 05 septembre 2021 allait marquer le d\u00e9but d\u2019une \u00e8re nouvelle.&nbsp;<\/strong><\/p>\n\n\n\n<p>Et que cette date allait surtout marquer la fin d\u2019une politique fond\u00e9e sur la division et l\u2019ethnicit\u00e9.&nbsp;<\/p>\n\n\n\n<p>On a surtout voulu croire que l\u2019actuel chef de la junte militaire, Mamady Doumbouya \u00e9tant lui-m\u00eame mari\u00e9 \u00e0 une fran\u00e7aise, allait exhorter les guin\u00e9ens \u00e0 se d\u00e9barrasser de ce fardeau ali\u00e9nant source du retard de la Guin\u00e9e.&nbsp;<\/p>\n\n\n\n<p>Plus le temps passe, plus on se rend compte que Mamady Doumbouya est plus que jamais l\u2019un des artisans de l\u2019ethnisme politique. Il en a fait son instrument politique favori.&nbsp;<\/p>\n\n\n\n<p>Pour le comprendre, il suffit de jeter un simple regard sur ses agissements et surtout sur ses nominations ethnicistes au sein de l\u2019administration guin\u00e9enne.&nbsp;<\/p>\n\n\n\n<p>On se rendra tr\u00e8s vite compte que le putschiste Mamady Doumbouya a fait le choix de fa\u00e7onner les distinctions ethniques au sein de la soci\u00e9t\u00e9 guin\u00e9enne pour le contr\u00f4le supr\u00eame de l\u2019\u00c9tat.&nbsp;<\/p>\n\n\n\n<p>Il veut \u00e0 travers de telles nominations faire semblant d\u2019accorder la priorit\u00e9 \u00e0 l\u2019int\u00e9r\u00eat de son ethnie d\u2019appartenance et pourtant c\u2019est irr\u00e9m\u00e9diablement faux.&nbsp;<\/p>\n\n\n\n<p>En analysant la situation en profondeur, on comprendra qu\u2019il s\u2019agit tout simplement de la manipulation, de la diabolisation de l\u2019autre, de la fourberie et de la duperie propre aux hommes politiques sans ambitions r\u00e9elles pour leur pays.&nbsp;<\/p>\n\n\n\n<p>C\u2019est l\u2019\u0153uvre des adeptes du pouvoir des pires, une politique perfide con\u00e7ue pour le contr\u00f4le supr\u00eame de l\u2019\u00c9tat et de ses ressources pour assurer le bien \u00eatre d\u2019un petit groupe factionnel, ethniciste.&nbsp;<\/p>\n\n\n\n<p>La diabolisation, l\u2019exclusion de l\u2019autre \u00e9tant propre \u00e0 l\u2019ethnicit\u00e9 et inh\u00e9rents au mode de fonctionnement de l\u2019\u00c9tat depuis l\u2019ind\u00e9pendance, Mamady Doumbouya s\u2019en sert aussi pour assurer la p\u00e9rennit\u00e9 de son pouvoir.&nbsp;<\/p>\n\n\n\n<p><strong>Le terme \u201cethnie\u201d, une invention du pouvoir colonial&nbsp;<\/strong><\/p>\n\n\n\n<p>En effet, le mot \u00ab ethnie \u00bb qui est entr\u00e9 au dictionnaire fran\u00e7ais vers 1930 est une pure invention du pouvoir colonial en Afrique pour le contr\u00f4le et l\u2019ali\u00e9nation du colonis\u00e9.&nbsp;<\/p>\n\n\n\n<p>Et pour les occidentaux \u00ab Ce mot d\u00e9signe un ensemble humain rassembl\u00e9 par une communaut\u00e9 de langue et de culture mais qui, s\u2019il a une existence territoriale, n\u2019a pas d\u2019existence politique, comme dans \u00ab peuple \u00bb, d\u00e9grad\u00e9 en \u00ab peuplade \u00bb, ou \u00ab nation \u00bb.&nbsp;<\/p>\n\n\n\n<p>Il a servi en fait \u00e0 d\u00e9signer les \u00ab peuples inf\u00e9rieurs \u00bb \u00e9tudi\u00e9s par la science occidentale \u00bb.&nbsp;<\/p>\n\n\n\n<p>Et cette terminologie a pour ce faire beaucoup en commun avec le racisme puisqu\u2019elle constitue aussi une forme d\u2019exclusion ou une diabolisation de l\u2019autre.&nbsp;<\/p>\n\n\n\n<p>Cependant, l\u2019ethnisme politique n\u2019a eu que des cons\u00e9quences d\u00e9sastreuses pour l\u2019Afrique.<\/p>\n\n\n\n<p>Import\u00e9 par exemple au Rwanda au temps colonial, divisant un m\u00eame peuple avec une m\u00eame identit\u00e9, langue et territoire, il s\u2019est transform\u00e9 en un conflit ayant conduit \u00e0 l\u2019horreur de 1994.<\/p>\n\n\n\n<p>Pourtant dans le contexte sociopolitique et historique africain, cette diabolisation ou exclusion de l\u2019autre en Afrique et en Guin\u00e9e sous l\u2019influence des id\u00e9ologues de la<\/p>\n\n\n\n<p>colonisation, disciples de Gobineau, Hegel, Karl Marx en racisme \u00e0 fondement physique, stature et autres doivent y \u00eatre bannies.&nbsp;<\/p>\n\n\n\n<p>Mais Mamady Doumbouya et son clan factionnel, clanique, ethniciste ont d\u00e9sormais un autre agenda.&nbsp;<\/p>\n\n\n\n<p>Et c\u2019est pourquoi il leur est impossible d\u2019emmener les guin\u00e9ens \u00e0 comprendre qu\u2019\u00abethnicisme\u00bb est le fait de parler une&nbsp; langue commune, de partager certains usages et des souvenirs historiques.&nbsp;<\/p>\n\n\n\n<p>En se basant donc sur cette d\u00e9finition, nos diff\u00e9rences ne devraient pas \u00eatre source du retard de la Guin\u00e9e.&nbsp;<\/p>\n\n\n\n<p>Car de nos diff\u00e9rences doivent na\u00eetre imp\u00e9rativement notre force.&nbsp;<\/p>\n\n\n\n<p><strong>Un fl\u00e9au pr\u00e9dominant dans la soci\u00e9t\u00e9 guin\u00e9enne \u00e0 caract\u00e8re multiple&nbsp;<\/strong><\/p>\n\n\n\n<p>Ce fl\u00e9au pr\u00e9dominant aujourd\u2019hui dans la soci\u00e9t\u00e9 guin\u00e9enne semble \u00eatre aliment\u00e9 par plusieurs facteurs.&nbsp;<\/p>\n\n\n\n<ul><li>Le leadership politique \u00e0 la t\u00eate de la Guin\u00e9e a toujours \u00e9t\u00e9 lamentable. Le cas de l\u2019actuel chef de la junte militaire guin\u00e9enne est un exemple palpable, car il est devenu en seulement deux ans le parrain de l\u2019ethnicit\u00e9 en Guin\u00e9e.<\/li><li>Le second facteur encourageant ce ph\u00e9nom\u00e8ne est le fait qu\u2019il y ait un sentiment qui s\u2019est install\u00e9 que pour r\u00e9ussir, que ce soit pour un emploi ou un appel d\u2019offres dans le secteur public ou priv\u00e9, l\u2019\u00e9l\u00e9ment d\u00e9terminant est qui l\u2019on conna\u00eet, souvent bas\u00e9 sur l\u2019ethnie ou la r\u00e9gion plus que ses propres comp\u00e9tences et potentiels.<\/li><li>Le troisi\u00e8me facteur est li\u00e9 au fait que la Guin\u00e9e \u00e0 l\u2019image de beaucoup d\u2019autres pays africains semble \u00eatre devenue une soci\u00e9t\u00e9 bas\u00e9e sur le patronage.&nbsp;<\/li><\/ul>\n\n\n\n<p>Ce qui alimente l\u2019ethnocentrisme politique plut\u00f4t qu\u2019une soci\u00e9t\u00e9 bas\u00e9e sur le m\u00e9rite.&nbsp;<\/p>\n\n\n\n<p>Les cadres des partis politiques au pouvoir pour l\u2019emploi ces derni\u00e8res ann\u00e9es ont \u00e9t\u00e9 utilis\u00e9s \u00e0 des fins opportunistes, ethnicistes ou de factions.&nbsp;<\/p>\n\n\n\n<p>Le r\u00e9gime actuel actuel et tout comme les r\u00e9gimes pr\u00e9c\u00e9dents n\u2019ont le plus souvent employ\u00e9&nbsp;<\/p>\n\n\n\n<p>pour des positions cl\u00e9s au niveau gouvernemental et dans les grandes entreprises, que des amis et des alli\u00e9s provenant de leur propre r\u00e9gion ou communaut\u00e9 ethnique, plut\u00f4t que des personnes selon leurs talents et comp\u00e9tences.&nbsp;<\/p>\n\n\n\n<p>Les nominations \u00e0 L\u2019ARPT (Autorit\u00e9 de R\u00e9gulation des Postes et T\u00e9l\u00e9communications) illustrent cet \u00e9tat de fait.&nbsp;<\/p>\n\n\n\n<p><strong>L\u2019ethnisme politique n\u2019a permis qu\u2019\u00e0 une petite faction de profiter des richesses du pays&nbsp;<\/strong><\/p>\n\n\n\n<p>L\u2019ethnisme politique, cette fatalit\u00e9 exorcis\u00e9e existant depuis 1958 aux cons\u00e9quences pernicieuses sur la sant\u00e9 de la soci\u00e9t\u00e9 guin\u00e9enne qui persiste et se p\u00e9rennise encore aujourd\u2019hui au sein de la soci\u00e9t\u00e9 guin\u00e9enne n\u2019a permis pourtant qu\u2019\u00e0 une petite faction de profiter des richesses du pays.&nbsp;&nbsp;<\/p>\n\n\n\n<p>Et il risque de perdurer, car les adeptes de ce fl\u00e9au tr\u00e8s nombreux au sein de l\u2019appareil d\u2019\u00c9tat emp\u00eachent tout changement positif pouvant faire \u00e9merger la Guin\u00e9e au profit de la population sans exception.&nbsp;<\/p>\n\n\n\n<p>Or aucun gouvernement de ce monde bas\u00e9 sur l\u2019ethnie, la r\u00e9gion ou une faction politique ne peut \u00eatre l\u2019\u0153uvre d\u2019une prosp\u00e9rit\u00e9 durable, inclusive.&nbsp;<\/p>\n\n\n\n<p>Le contrat social que les acteurs \u00e9tatiques doivent avoir avec le peuple de Guin\u00e9e ne doit pas faire que quelques heureux ethniques. Et chacun dans la soci\u00e9t\u00e9 guin\u00e9enne doit \u00eatre prot\u00e9g\u00e9 et b\u00e9n\u00e9ficiaire de la prosp\u00e9rit\u00e9 de l\u2019\u00c9tat guin\u00e9en quelque soit son affiliation ethnique ou politique.<\/p>\n\n\n\n<p>guin\u00e9en quelque soit son affiliation ethnique ou politique.<\/p>\n\n\n\n<p><strong>On peut pourtant y rem\u00e9dier<\/strong><\/p>\n\n\n\n<p>Pour ce faire, il suffit de se pencher sur le renouvellement rapide des g\u00e9n\u00e9rations porteurs de nouveaux questionnements capables de susciter des brassages de populations, faits de rencontres et d\u2019alliances.&nbsp;<\/p>\n\n\n\n<p>Ces nouvelles g\u00e9n\u00e9rations, si elles sont bien encadr\u00e9es peuvent emp\u00eacher que l\u2019appartenance ethnique, souvent complexe, soit r\u00e9duite \u00e0 une identit\u00e9 \u00aboriginelle\u00bb simpliste et instrumentalis\u00e9e par une faction politique \u00e0 coup de discriminations, voire d\u2019exclusions.&nbsp;<\/p>\n\n\n\n<p>Mais Mamady Doumbouya fait partie de cette cat\u00e9gorie de personnes pour lesquelles l\u2019ethnocentrisme politique se lit tr\u00e8s souvent dans les mentalit\u00e9s.&nbsp;<\/p>\n\n\n\n<p>\u00c0 travers elles, elles se croient sup\u00e9rieures aux autres. D\u2019o\u00f9 la n\u00e9cessit\u00e9 de donner la priorit\u00e9 \u00e0 son ethnie, son clan dans ses diff\u00e9rentes nominations.&nbsp;<\/p>\n\n\n\n<p>Le mode de fonctionnement du r\u00e9gime actuel et le d\u00e9bat politique dans notre pays en font foi.&nbsp;<\/p>\n\n\n\n<p>Certes, ils sont conscients de la dangerosit\u00e9 de ce ph\u00e9nom\u00e8ne qui peut donner libre cours \u00e0 des violences interethniques destructrices. Mais il le pr\u00e9f\u00e8re tout de m\u00eame pour des raisons \u00e9go\u00efstes et \u00e9gotiques.&nbsp;<\/p>\n\n\n\n<p>Il est imp\u00e9ratif&nbsp; de&nbsp; chercher un moyen d\u2019\u00e9limination de cette fatalit\u00e9 exorcis\u00e9e qui freine depuis 65 ans le d\u00e9veloppement de la Guin\u00e9e.&nbsp;<\/p>\n\n\n\n<p>En commen\u00e7ant d\u2019abord par renforcer les organisations institutionnelles et constitutionnelles en termes d\u2019expertises en vue de promouvoir la bonne gouvernance.<\/p>\n\n\n\n<p>Les m\u00e9dias ont \u00e9galement un r\u00f4le important \u00e0 jouer dans la conscientisation des populations en ce qui concerne le changement de mentalit\u00e9 sur cette question.<\/p>\n\n\n\n<p>Et ce processus d\u2019\u00e9limination ne pouvant \u00eatre que l\u2019\u0153uvre des Hommes politiques capables de songer \u00e0 l\u2019int\u00e9r\u00eat des prochaines g\u00e9n\u00e9rations avec une capacit\u00e9 et facult\u00e9 intellectuelle de s\u2019\u00e9lever au-dessus des divisions partisanes, ethniciste et claniques pour rechercher le bien commun, ne peut \u00eatre enclench\u00e9 par Mamady Doumbouya.&nbsp;<\/p>\n\n\n\n<p>Car il demeure par essence aujourd\u2019hui l\u2019artisan du divisionnisme et de l\u2019ethnisme politique, cette fatalit\u00e9 exorcis\u00e9e.&nbsp;<\/p>\n\n\n\n<p><strong>Aissatou Ch\u00e9rif Bald\u00e9<\/strong>.&nbsp;<\/p>\n\n\n\n<hr class=\"wp-block-separator\"\/>\n","protected":false},"excerpt":{"rendered":"<div class=\"mh-excerpt\"><p>Nous avons tous cru que le coup d\u2019\u00c9tat militaire du 05 septembre 2021 allait marquer le d\u00e9but d\u2019une \u00e8re nouvelle.&nbsp; Et que cette date allait <a class=\"mh-excerpt-more\" href=\"http:\/\/www.lefolan.com\/fr\/2023\/10\/27\/guinee-mamady-doumbouya-parrain-de-lethnicite-cette-fatalite-exorcisee-qui-freine-depuis-six-decennies-le-pays\/\" title=\"Guin\u00e9e\/Mamady Doumbouya parrain de l\u2019ethnicit\u00e9, cette fatalit\u00e9 exorcis\u00e9e qui freine depuis six d\u00e9cennies le pays.\u00a0\">[&#8230;]<\/a><\/p>\n<\/div>","protected":false},"author":1,"featured_media":1134,"comment_status":"closed","ping_status":"open","sticky":false,"template":"","format":"standard","meta":[],"categories":[3],"tags":[],"_links":{"self":[{"href":"http:\/\/www.lefolan.com\/fr\/wp-json\/wp\/v2\/posts\/1131"}],"collection":[{"href":"http:\/\/www.lefolan.com\/fr\/wp-json\/wp\/v2\/posts"}],"about":[{"href":"http:\/\/www.lefolan.com\/fr\/wp-json\/wp\/v2\/types\/post"}],"author":[{"embeddable":true,"href":"http:\/\/www.lefolan.com\/fr\/wp-json\/wp\/v2\/users\/1"}],"replies":[{"embeddable":true,"href":"http:\/\/www.lefolan.com\/fr\/wp-json\/wp\/v2\/comments?post=1131"}],"version-history":[{"count":2,"href":"http:\/\/www.lefolan.com\/fr\/wp-json\/wp\/v2\/posts\/1131\/revisions"}],"predecessor-version":[{"id":1135,"href":"http:\/\/www.lefolan.com\/fr\/wp-json\/wp\/v2\/posts\/1131\/revisions\/1135"}],"wp:featuredmedia":[{"embeddable":true,"href":"http:\/\/www.lefolan.com\/fr\/wp-json\/wp\/v2\/media\/1134"}],"wp:attachment":[{"href":"http:\/\/www.lefolan.com\/fr\/wp-json\/wp\/v2\/media?parent=1131"}],"wp:term":[{"taxonomy":"category","embeddable":true,"href":"http:\/\/www.lefolan.com\/fr\/wp-json\/wp\/v2\/categories?post=1131"},{"taxonomy":"post_tag","embeddable":true,"href":"http:\/\/www.lefolan.com\/fr\/wp-json\/wp\/v2\/tags?post=1131"}],"curies":[{"name":"wp","href":"https:\/\/api.w.org\/{rel}","templated":true}]}}