{"id":1183,"date":"2024-02-28T13:53:35","date_gmt":"2024-02-28T12:53:35","guid":{"rendered":"http:\/\/www.lefolan.com\/fr\/?p=1183"},"modified":"2024-04-27T10:01:31","modified_gmt":"2024-04-27T08:01:31","slug":"guinee-le-chef-de-la-junte-nomme-un-premier-ministre-au-deuxieme-jour-dune-greve-generale-ancien-collaborateur-de-lex-premier-ministre-et-opposant-cellou-dalein-diallo-amadou-oury-bah-a-partic","status":"publish","type":"post","link":"http:\/\/www.lefolan.com\/fr\/2024\/02\/28\/guinee-le-chef-de-la-junte-nomme-un-premier-ministre-au-deuxieme-jour-dune-greve-generale-ancien-collaborateur-de-lex-premier-ministre-et-opposant-cellou-dalein-diallo-amadou-oury-bah-a-partic\/","title":{"rendered":"GUIN\u00c9E : LE CHEF DE LA JUNTE NOMME UN PREMIER MINISTRE AU DEUXI\u00c8ME JOUR D&rsquo;UNE GR\u00c8VE G\u00c9N\u00c9RALE ANCIEN COLLABORATEUR DE L&rsquo;EX-PREMIER MINISTRE ET OPPOSANT CELLOU DALEIN DIALLO,  AMADOU OURY BAH A PARTICIP\u00c9 \u00c0 TOUTES LES RENCONTRES PROPOS\u00c9ES PAR LA JUNTE DEPUIS 2021 ET BOYCOTT\u00c9S PAR L&rsquo;OPPOSITION"},"content":{"rendered":"\n<p>Le chef de la junte en Guin\u00e9e a nomm\u00e9 mardi 27&nbsp;f\u00e9vrier un premier ministre au deuxi\u00e8me jour d\u2019une gr\u00e8ve g\u00e9n\u00e9rale illimit\u00e9e et huit jours apr\u00e8s avoir dissous contre toute attente le pr\u00e9c\u00e9dent gouvernement. Le nouveau chef de gouvernement aura comme premi\u00e8re mission de d\u00e9nouer la crise avec les syndicats \u00e0 l\u2019origine d\u2019un large mouvement de contestation qui paralyse le pays depuis deux jours. \u00ab&nbsp;Monsieur Amadou Oury Bah, \u00e9conomiste, est nomm\u00e9 premier ministre, chef du gouvernement&nbsp;\u00bb, a d\u00e9clar\u00e9 \u00e0 la t\u00e9l\u00e9vision nationale le ministre secr\u00e9taire g\u00e9n\u00e9ral de la pr\u00e9sidence, le g\u00e9n\u00e9ral Amara Camara.<\/p>\n\n\n\n<p>Ancien collaborateur de l\u2019ex-premier ministre et opposant Cellou Dalein Diallo, leader du parti Union des d\u00e9mocrates pour la renaissance de la Guin\u00e9e (UDRG), M.&nbsp;Oury Bah fut ministre de la r\u00e9conciliation nationale apr\u00e8s les importantes gr\u00e8ves de janvier-f\u00e9vrier&nbsp;2007 qui avaient secou\u00e9 le r\u00e9gime autoritaire du pr\u00e9sident Lansana Cont\u00e9, faisant 186&nbsp;morts, selon des ONG. Il a toujours pr\u00f4n\u00e9 le dialogue et a particip\u00e9 \u00e0 toutes les rencontres propos\u00e9es par la junte au pouvoir depuis 2021 et boycott\u00e9es par l\u2019opposition.<\/p>\n\n\n\n<p>Dans la capitale Conakry, les \u00e9coles, banques et assurances sont rest\u00e9es ferm\u00e9es mardi, tout comme la grande majorit\u00e9 des commerces. Un service minimum a \u00e9t\u00e9 assur\u00e9 dans les centres de sant\u00e9 et les administrations. Les rues sont aussi rest\u00e9es presque vides. Les treize centrales syndicales du pays sont en gr\u00e8ve depuis lundi afin d\u2019obtenir la baisse des prix des denr\u00e9es de premi\u00e8re n\u00e9cessit\u00e9, la fin de la censure m\u00e9diatique, le respect d\u2019un accord li\u00e9 \u00e0 l\u2019am\u00e9lioration des conditions de vie des fonctionnaires et la lib\u00e9ration d\u2019un syndicaliste de presse.<\/p>\n\n\n\n<p>S\u00e9kou Jamal Pendessa, secr\u00e9taire g\u00e9n\u00e9ral du Syndicat des professionnels de la presse de Guin\u00e9e (SPPG), qui appelait \u00e0 manifester contre la censure, a \u00e9t\u00e9 condamn\u00e9 vendredi \u00e0 six mois de prison dont trois avec sursis. Le collectif d\u2019avocats qui le d\u00e9fend a indiqu\u00e9 dans un communiqu\u00e9 avoir \u00e9t\u00e9 inform\u00e9 lundi qu\u2019avec une c\u00e9l\u00e9rit\u00e9 rare, le proc\u00e8s en appel avait \u00e9t\u00e9 audienc\u00e9 mercredi.<\/p>\n\n\n\n<p>Un climat de tension sociale grandissante<\/p>\n\n\n\n<p>Le porte-parole du mouvement syndical, Amadou Diallo, a toutefois d\u00e9clar\u00e9 \u00e0 l\u2019AFP qu\u2019il attendait la \u00ab&nbsp;satisfaction totale et enti\u00e8re de toutes [leurs] revendications&nbsp;\u00bb pour mettre fin \u00e0 la gr\u00e8ve. Des heurts sporadiques dans la banlieue de Conakry ont fait deux morts lundi.<\/p>\n\n\n\n<p>Cette mobilisation fait figure de test pour les centrales syndicales, soutenues par les principaux partis politiques et des organisations de la soci\u00e9t\u00e9 civile, et la junte qui interdit toute manifestation, muselle l\u2019opposition et cherche \u00e0 faire taire toute critique \u00e0 son \u00e9gard. Les militaires au pouvoir ont supprim\u00e9 des cha\u00eenes de t\u00e9l\u00e9vision des principaux bouquets de distribution et brouiller des fr\u00e9quences radio.<\/p>\n\n\n\n<p>Ce mouvement de contestation, exceptionnel depuis la prise de pouvoir de Mamadi Doumbouya en 2021, a \u00e9t\u00e9 lanc\u00e9 dans un climat de tension sociale grandissante et en l\u2019absence de gouvernement, depuis que la junte avait annonc\u00e9 sa dissolution il y a huit jours sans en donner les raisons. La junte a consenti, sous la pression internationale, \u00e0 annoncer qu\u2019elle allait rendre la place \u00e0 des civils \u00e9lus d\u2019ici \u00e0 la fin 2024, le temps, dit-elle, de menerde mener de profondes r\u00e9formes.<\/p>\n\n\n\n<p>Mamadou Oury Bah a pass\u00e9 plusieurs ann\u00e9es en exil en France, p\u00e9riode pendant laquelle il a \u00e9t\u00e9 condamn\u00e9 par contumace pour \u00ab atteinte \u00e0 la s\u00fbret\u00e9 de l\u2019Etat \u00bb. Graci\u00e9 par Alpha Cond\u00e9, il est rentr\u00e9 en Guin\u00e9e en 2016. Ces derni\u00e8res ann\u00e9es, il a \u00e9t\u00e9 critiqu\u00e9 pour son soutien \u00e0 la junte.<\/p>\n\n\n\n<p>SOURCE: Le Monde avec AFP et Reuters<\/p>\n","protected":false},"excerpt":{"rendered":"<div class=\"mh-excerpt\"><p>Le chef de la junte en Guin\u00e9e a nomm\u00e9 mardi 27&nbsp;f\u00e9vrier un premier ministre au deuxi\u00e8me jour d\u2019une gr\u00e8ve g\u00e9n\u00e9rale illimit\u00e9e et huit jours apr\u00e8s <a class=\"mh-excerpt-more\" href=\"http:\/\/www.lefolan.com\/fr\/2024\/02\/28\/guinee-le-chef-de-la-junte-nomme-un-premier-ministre-au-deuxieme-jour-dune-greve-generale-ancien-collaborateur-de-lex-premier-ministre-et-opposant-cellou-dalein-diallo-amadou-oury-bah-a-partic\/\" title=\"GUIN\u00c9E : LE CHEF DE LA JUNTE NOMME UN PREMIER MINISTRE AU DEUXI\u00c8ME JOUR D&rsquo;UNE GR\u00c8VE G\u00c9N\u00c9RALE ANCIEN COLLABORATEUR DE L&rsquo;EX-PREMIER MINISTRE ET OPPOSANT CELLOU DALEIN DIALLO,  AMADOU OURY BAH A PARTICIP\u00c9 \u00c0 TOUTES LES RENCONTRES PROPOS\u00c9ES PAR LA JUNTE DEPUIS 2021 ET BOYCOTT\u00c9S PAR L&rsquo;OPPOSITION\">[&#8230;]<\/a><\/p>\n<\/div>","protected":false},"author":1,"featured_media":0,"comment_status":"closed","ping_status":"open","sticky":false,"template":"","format":"standard","meta":[],"categories":[1],"tags":[],"_links":{"self":[{"href":"http:\/\/www.lefolan.com\/fr\/wp-json\/wp\/v2\/posts\/1183"}],"collection":[{"href":"http:\/\/www.lefolan.com\/fr\/wp-json\/wp\/v2\/posts"}],"about":[{"href":"http:\/\/www.lefolan.com\/fr\/wp-json\/wp\/v2\/types\/post"}],"author":[{"embeddable":true,"href":"http:\/\/www.lefolan.com\/fr\/wp-json\/wp\/v2\/users\/1"}],"replies":[{"embeddable":true,"href":"http:\/\/www.lefolan.com\/fr\/wp-json\/wp\/v2\/comments?post=1183"}],"version-history":[{"count":3,"href":"http:\/\/www.lefolan.com\/fr\/wp-json\/wp\/v2\/posts\/1183\/revisions"}],"predecessor-version":[{"id":1201,"href":"http:\/\/www.lefolan.com\/fr\/wp-json\/wp\/v2\/posts\/1183\/revisions\/1201"}],"wp:attachment":[{"href":"http:\/\/www.lefolan.com\/fr\/wp-json\/wp\/v2\/media?parent=1183"}],"wp:term":[{"taxonomy":"category","embeddable":true,"href":"http:\/\/www.lefolan.com\/fr\/wp-json\/wp\/v2\/categories?post=1183"},{"taxonomy":"post_tag","embeddable":true,"href":"http:\/\/www.lefolan.com\/fr\/wp-json\/wp\/v2\/tags?post=1183"}],"curies":[{"name":"wp","href":"https:\/\/api.w.org\/{rel}","templated":true}]}}