{"id":1215,"date":"2024-05-08T13:45:59","date_gmt":"2024-05-08T11:45:59","guid":{"rendered":"http:\/\/www.lefolan.com\/fr\/?p=1215"},"modified":"2024-05-08T13:48:05","modified_gmt":"2024-05-08T11:48:05","slug":"fode-mohamed-soumah-lhomme-et-son-destin-le-portrait","status":"publish","type":"post","link":"http:\/\/www.lefolan.com\/fr\/2024\/05\/08\/fode-mohamed-soumah-lhomme-et-son-destin-le-portrait\/","title":{"rendered":"FODE MOHAMED SOUMAH,  L&rsquo;HOMME ET SON DESTIN: LE PORTRAIT"},"content":{"rendered":"\n<h1>JE PUBLIE POUR VOUS UN ANCIEN ARTICLE \u00c9CRIT PAR MONSIEUR TOUR\u00c9 FOD\u00c9 ABASS EN 2011 SUR LE PR\u00c9SIDENT DE GECI, UN ARTICLE REPRIS PAR MOHAMED BANGOURA <br><a rel=\"noreferrer noopener\" href=\"https:\/\/mosaiqueguinee.com\/2022\/05\/fode-mohamed-soumah-lhomme-et-son-destin-portrait\/#\" target=\"_blank\">De Pr\u00e9sident du club de r\u00e9flexion Association Guin\u00e9enne d\u2019Etudes et de Prospectives (AGEP) \u00e0 la cr\u00e9ation du parti politique G\u00e9n\u00e9ration Citoyenne (G\u00e9Ci) en passant par l\u2019ONG Action Citoyenne pour le D\u00e9veloppement Int\u00e9gr\u00e9( ACDI), de brillantes \u00e9tudes dans le domaine de la haute finance et une carri\u00e8re professionnelle tr\u00e8s riche en tant que cadre \u00e0 la Bred ( Banque populaire ) et sur le parquet du palais de Brongniart \u00e0 la cri\u00e9e au sein de la Soci\u00e9t\u00e9 de Compensation des March\u00e9s Conditionnels (SCMC), pour finir S\u00e9nior dans la prestigieuse salle des march\u00e9s de la Bourse de Paris consid\u00e9r\u00e9e comme \u00e9tant la 1\u00e8re institution financi\u00e8re au monde qui regroupe les places financi\u00e8res de New-York, Bruxelles, Londres, Amsterdam, Lisbonne et Paris.Sa comp\u00e9tence et son trait de caract\u00e8re jovial, humble et loyal, lui ont permis de faire ses preuves pendant plus de 20 ans dans ce monde de requins o\u00f9 tous les coups sont permis, o\u00f9 la m\u00e9diocrit\u00e9 n\u2019a pas sa place.<\/a><a rel=\"noreferrer noopener\" href=\"http:\/\/www.facebook.com\/sharer.php?u=https%3A%2F%2Fmosaiqueguinee.com%2F2022%2F05%2Ffode-mohamed-soumah-lhomme-et-son-destin-portrait%2F\" target=\"_blank\"><\/a><a rel=\"noreferrer noopener\" href=\"https:\/\/twitter.com\/intent\/tweet?text=Fod%C3%A9%20Mohamed%20Soumah%2C%20l%E2%80%99homme%20et%20son%20destin%20%28Portrait%29%20via%20%40mosaique_guinee&amp;url=https%3A%2F%2Fmosaiqueguinee.com%2F2022%2F05%2Ffode-mohamed-soumah-lhomme-et-son-destin-portrait%2F\" target=\"_blank\"><\/a><a rel=\"noreferrer noopener\" href=\"https:\/\/mosaiqueguinee.com\/2022\/05\/fode-mohamed-soumah-lhomme-et-son-destin-portrait\/#\" target=\"_blank\"><\/a><\/h1>\n\n\n\n<p>Homme de conviction et fort de cette exp\u00e9rience solide, il a pris la d\u00e9cision de se lancer en politique pour contribuer au d\u00e9veloppement \u00e9conomique de son pays, la Guin\u00e9e.<\/p>\n\n\n\n<p>Voici le portrait de celui qui a renonc\u00e9 \u00e0 ce qu\u2019il appelle \u00ab un confort relatif \u00bb pour contribuer \u00e0 l\u2019\u00e9dification nationale de son pays tout en partageant la souffrance de ses compatriotes.<\/p>\n\n\n\n<p>Son pr\u00e9nom est symbolis\u00e9 par les trois lettres alphab\u00e9tiques, dont chacune incarne des valeurs culturelles et religieuses de la soci\u00e9t\u00e9 dont il est issu.<\/p>\n\n\n\n<p>Fod\u00e9, qui signifie grand marabout qui ma\u00eetrise le contenu du coran tout entier, symbolis\u00e9 par la pose d\u2019un turban sur la t\u00eate en signe de distinction \u00e9m\u00e9rite et honorifique.<\/p>\n\n\n\n<p>Mohamed, le messager et envoy\u00e9 de Dieu pour rependre sa parole divine.<\/p>\n\n\n\n<p>Soumah, qui veut dire aussi Keita, issu de la grande dynastie du Mandingue , du sous groupement linguistique des Bagas et de la lign\u00e9e de Soumba Toumani et Almamy Kala; une population qui vit dans les r\u00e9gions c\u00f4ti\u00e8res de la Guin\u00e9e, en Basse c\u00f4te ou encore d\u00e9nomm\u00e9 Basse Guin\u00e9e ou encore Guin\u00e9e Maritime.<\/p>\n\n\n\n<p>Ces deux initiales qui r\u00e9sument \u00e9galement un double pr\u00e9nom derri\u00e8re lequel se cache un homme \u00e9nigmatique \u00e0 cause de sa sobri\u00e9t\u00e9. N\u00e9 d\u2019un m\u00e9lange de culture linguistique diff\u00e9rente \u00ab de p\u00e8re Baga de Kaloum et de m\u00e8re Soussou de For\u00e9cariah\u00bb.<\/p>\n\n\n\n<p>Son p\u00e8re El Hadj Amara Soumah appartient \u00e0 la premi\u00e8re g\u00e9n\u00e9ration des hommes politiques guin\u00e9ens durant la p\u00e9riode coloniale. Il est \u00e9galement le 1er Secr\u00e9taire G\u00e9n\u00e9ral du PDG, membre fondateur du BAG et banquier \u00e0 la Banque Internationale pour l\u2019Afrique Occidentale (BIAO).<\/p>\n\n\n\n<p>Arr\u00eat\u00e9 et transf\u00e9r\u00e9 sur l\u2019\u00eele de Gor\u00e9e, il fut condamn\u00e9 \u00e0 mort.<\/p>\n\n\n\n<p>Tous ceux qui figuraient en t\u00eate de liste durant ce transfert furent ex\u00e9cut\u00e9s dont Adolphe Vignard.<\/p>\n\n\n\n<p>Il fut lib\u00e9r\u00e9 suite \u00e0 la prise de pouvoir du G\u00e9n\u00e9ral De Gaulle en 1942.<\/p>\n\n\n\n<p>Pour rappel, il faisait parti de la m\u00eame alliance du groupe parlementaire d\u2019outre mer que les anciens Pr\u00e9sidents de la C\u00f4te d\u2019Ivoire Houphou\u00ebt Boigny, L\u00e9opold S\u00e9dar Senghor du S\u00e9n\u00e9gal, Modibo Keita du Mali, etc.<\/p>\n\n\n\n<p>Sous les signes du Parti D\u00e9mocratique de Guin\u00e9e et le Rassemblement D\u00e9mocratique Africain (P D G- R D A), il fut candidat en 1946 aux \u00e9lections l\u00e9gislatives territoriales d\u2019outre mer.<\/p>\n\n\n\n<p><strong>FMS :<\/strong>&nbsp;est aussi le produit d\u2019une m\u00e8re ador\u00e9e, Hadja Macir\u00e9 Mouk\u00e9 Yansan\u00e9. Elle est l\u2019a\u00een\u00e9e d\u2019une grande dynastie de la Basse Guin\u00e9e, d\u2019un p\u00e8re qui fut le premier planteur de l\u2019Afrique Occidentale Fran\u00e7aise, l\u2019un des Guin\u00e9ens les plus riches dont Fod\u00e9 Mohamed Soumah porte le pr\u00e9nom.<\/p>\n\n\n\n<p>C\u2019est un point d\u2019honneur pour lui d\u2019associer sa m\u00e8re Hadja Y\u00e9lihan Tour\u00e9 CFA de Naby Bakoro \u00e0 son combat politique. Une autre figure illustre du Moriah.<\/p>\n\n\n\n<p><strong>FMS :<\/strong>&nbsp;a du quitter son pays d\u00e8s sa naissance au moment des soubresauts des ann\u00e9es de l\u2019ind\u00e9pendance en 1958 pour s\u2019installer \u00e0 Dakar o\u00f9 il a pass\u00e9 toute son enfance avec ses parents.<\/p>\n\n\n\n<p>C\u2019est un autre point d\u2019honneur pour lui d\u2019associer le S\u00e9n\u00e9gal \u00e0 son parcours, d\u2019o\u00f9 le terme de \u00ab Guin\u00e9galais \u00bb qu\u2019il porte fi\u00e8rement lorsqu\u2019on l\u2019interpelle ainsi.<\/p>\n\n\n\n<p>En 1980, il arrive en France dans l\u2019optique de poursuivre ses \u00e9tudes sup\u00e9rieures. Il fr\u00e9quente d\u2019abord Paris 10 Nanterre o\u00f9 il entreprend des \u00e9tudes de Droit pour finir \u00e0 Paris Dauphine o\u00f9 il ressort avec un DESS en techniques financi\u00e8res, comptables et bancaires.<\/p>\n\n\n\n<p>Il ajoute un autre dipl\u00f4me en analyse financi\u00e8re et de nombreuses formations en interne telles que la carte professionnelle qui est le s\u00e9same pour entrer dans le monde de la Bourse.<\/p>\n\n\n\n<p>Ce cursus lui a permis d\u2019int\u00e9grer le plus grand espace boursier financier de Paris qui est Euronext SA.<\/p>\n\n\n\n<p>FMS est mari\u00e9 et p\u00e8re de cinq enfants, dont trois petits enfants \u00e0 ce jour.<\/p>\n\n\n\n<p>Issu de cette g\u00e9n\u00e9alogie bourgeoise de la guin\u00e9e maritime, il poursuit le destin guin\u00e9en de son p\u00e8re aim\u00e9, entre conviction et passion, amour du pays qui l\u2019a toujours habit\u00e9 et vu naitre, h\u00e9ritage de ses parents au service des Guin\u00e9ens de Dakar, et d\u00e9termination dans le seul choix qui lui sied d\u00e9sormais : la Guin\u00e9e et les Guin\u00e9ens.<\/p>\n\n\n\n<p>Il progresse en politique comme un tigre dans la grande for\u00eat qui d\u00e9vore tout sur son chemin de conqu\u00eate du pouvoir.<\/p>\n\n\n\n<p>Il m\u2019a avou\u00e9 avoir refus\u00e9 des raccourcis dans cette conqu\u00eate en s\u2019inspirant de son p\u00e8re qui a travaill\u00e9 jusqu\u2019\u00e0 sa retraite \u00e0 la BIAO de Paris parce qu\u2019il avait \u00e9t\u00e9 trait\u00e9 de \u00ab laquais de l\u2019imp\u00e9rialisme \u00bb par les R\u00e9volutionnaires du PDG, bien qu\u2019il fut tr\u00e8s t\u00f4t \u00e0 l\u2019abri du besoin par ses propres moyens et ceux de ses enfants.<\/p>\n\n\n\n<p>Suite aux bouleversements qui ont secou\u00e9 le pays fin 2006 et 2007, il d\u00e9cide de s\u2019engager en politique avec des amis.<\/p>\n\n\n\n<p>Durant toute l\u2019ann\u00e9e 2008, ils s\u2019\u00e9taient investis \u00e0 la r\u00e9daction des textes de leur formation politique avec de nombreux s\u00e9jours en Guin\u00e9e pour \u00eatre en ad\u00e9quation avec la r\u00e9alit\u00e9 du terrain et implanter le parti.<\/p>\n\n\n\n<p>Il me dit avoir constat\u00e9 de nombreuses tares sur le terrain. Mais celles qui revenaient le plus souvent \u00e9taient relatives \u00e0 l\u2019esprit de citoyennet\u00e9 et la n\u00e9cessit\u00e9 d\u2019une recomposition politique par une nouvelle g\u00e9n\u00e9ration d\u2019acteurs.<\/p>\n\n\n\n<p>C\u2019est ainsi que le nom du parti est venu tout naturellement : G\u00e9n\u00e9ration Citoyenne, avec comme diminutif G\u00e9Ci.<\/p>\n\n\n\n<p>Au mois d\u2019avril 2009, ils obtiennent leur agr\u00e9ment sous le r\u00e8gne du CNDD avec \u00e0 sa t\u00eate Moussa Dadis Camara.<\/p>\n\n\n\n<p>La G\u00e9n\u00e9ration Citoyenne (G\u00e9Ci) est n\u00e9e, mais probl\u00e8me : celui qui a toujours baign\u00e9 dans le marigot du socialisme a \u00e9t\u00e9 contraint de changer de cap id\u00e9ologique \u00e0 cause de l\u2019histoire politique de son pays et des enjeux li\u00e9s \u00e0 son d\u00e9veloppement, en choisissant le lib\u00e9ralisme social qui est mieux adapt\u00e9 \u00e0 notre culture et au projet de soci\u00e9t\u00e9 de la G\u00e9Ci qui fait la part belle \u00e0 l\u2019\u00e9mergence citoyenne et \u00e9conomique de l\u2019Afrique, dit-il.<\/p>\n\n\n\n<p>Il estime que le socialisme dogmatique ni le lib\u00e9ralisme sauvage ne pourraient \u00eatre des options pour nos \u00c9tats d\u00e9sarticul\u00e9s et exsangues.<\/p>\n\n\n\n<p>Selon lui, le lib\u00e9ralisme social \u00e0 l\u2019africaine devrait \u00eatre la panac\u00e9e car il concilie l\u2019initiative priv\u00e9e dans l\u2019industrie, le commerce, l\u2019agriculture, la Cit\u00e9 entre autres, mais avec un certain contr\u00f4le de l\u2019\u00c9tat sur des secteurs vitaux comme l\u2019\u00e9ducation, l\u2019\u00e9nergie, les infrastructures de base et productives, l\u2019agro-industrie, les transports, la sant\u00e9, l\u2019hygi\u00e8ne publique, les mines\u2026. Il n\u2019arrive pas \u00e0 admettre le paradoxe d\u2019Etat riche de ses ressources humaines et naturelles avec des populations pauvres.<\/p>\n\n\n\n<p>C\u2019est l\u2019occasion pour moi de reprendre dans cette pr\u00e9sentation le fruit de notre entretien o\u00f9 il a d\u00e9velopp\u00e9 sa vision pour une Guin\u00e9e \u00e9mergente \u00e0 l\u2019horizon 2025.<\/p>\n\n\n\n<p>\u00ab Il nous faut d\u00e9passer le constat et les combats d\u2019arri\u00e8re garde. Ce qui m\u2019int\u00e9resse c\u2019est les solutions que chacun pourrait apporter pour sortir notre pays de la gadoue. Comme disent les Ivoiriens, chacun peut un peu.<\/p>\n\n\n\n<p>Toute politique \u00e9conomique qui se veut pertinente doit avoir comme principale pr\u00e9occupation la cr\u00e9ation de richesses et d\u2019emplois.<\/p>\n\n\n\n<p>Aussi, la probl\u00e9matique de l\u2019emploi doit \u00eatre au c\u0153ur de toutes les strat\u00e9gies, avec \u00e0 la cl\u00e9, une \u00e9conomie diversifi\u00e9e et r\u00e9siliente dot\u00e9e d\u2019un important potentiel de facteur de production avec un secteur priv\u00e9 dynamique et innovant.<\/p>\n\n\n\n<p>Il appartient \u00e0 l\u2019Etat de mettre en place les conditions favorables \u00e0 la cr\u00e9ation de richesses et d\u2019emplois qui vont booster l\u2019\u00e9conomie par une croissance forte aux fruits mieux r\u00e9partis.<\/p>\n\n\n\n<p>Mais ceci n\u00e9cessite un \u00ab traitement de choc pour une th\u00e9rapie douce \u00bb.<\/p>\n\n\n\n<p>La Guin\u00e9e dispose d\u2019un potentiel minier important certes, mais il faudrait aussi penser \u00e0 d\u2019autres secteurs alternatifs comme l\u2019agro-industrie pour sortir de l\u2019agriculture purement pluviale et exiger la transformation des minerais bruts sur place afin de garantir une plus-value financi\u00e8re et la cr\u00e9ation de centaines de milliers d\u2019emplois.<\/p>\n\n\n\n<p>D\u2019ailleurs, il devient indispensable d\u2019accoler aux prochains conventions mini\u00e8res des milliers d\u2019hectares de terres cultivables ?<\/p>\n\n\n\n<p>C\u2019est maintenant qu\u2019il nous faut int\u00e9grer l\u2019apr\u00e8s mines dans la diversification de notre \u00e9conomie.<\/p>\n\n\n\n<p>A ce jour, il est impossible de r\u00e9duire les importations de fa\u00e7on drastique, alors que la Guin\u00e9e dispose de plus de 6 millions de terres cultivables dont le quart est \u00e0 peine exploit\u00e9.<\/p>\n\n\n\n<p>Donc, l\u2019agriculture reste la base de la transformation de nos \u00e9conomies qui nous permettrait de mettre un terme \u00e0 la d\u00e9pendance et \u00e0 l\u2019ins\u00e9curit\u00e9 alimentaire.<\/p>\n\n\n\n<p>L\u2019objectif 1er \u00e9tant d\u2019\u00eatre capable de produire ce que nous consommons et consommer ce que nous produisons, si nous voulons entrer dans les cha\u00eenes de valeur mondiales.<\/p>\n\n\n\n<p>Par ailleurs, l\u2019\u00e9conomie guin\u00e9enne est dans un \u00e9tat de sinistrose aigu o\u00f9 le ch\u00f4mage a atteint un niveau socialement insoutenable avec la fermeture de plusieurs soci\u00e9t\u00e9s qui ont d\u00e9vers\u00e9 un bon nombre de salari\u00e9s et attenants dans la pr\u00e9carit\u00e9. Surtout avec la maladie \u00e0 virus Ebola.<\/p>\n\n\n\n<p>De plus, nous avons des milliers de jeunes qui sortent de notre syst\u00e8me \u00e9ducatif chaque ann\u00e9e.<\/p>\n\n\n\n<p>La solution serait de mettre en place un vaste programme de cr\u00e9ation d\u2019emplois jeunes et de micros entreprises avec des dispositifs de cr\u00e9dits et de garantie adapt\u00e9s, des structures de conseils et de formation dans les techniques de gestion.<\/p>\n\n\n\n<p>Il nous faut appuyer l\u2019auto emploi des jeunes par la mise en place d\u2019un fonds revolving de financement de projets bancables, et les former aux techniques de management organisationnel et de montage de projets.<\/p>\n\n\n\n<p>La jeunesse est le socle du d\u00e9veloppement de l\u2019\u00e9conomie sociale, en plus des services sociaux et des infrastructures publiques\u2026 ainsi qu\u2019une matrice de projets structurants.<\/p>\n\n\n\n<p>Le pouvoir doit prendre des initiatives sp\u00e9cifiques pour r\u00e9habiliter les capacit\u00e9s productives existantes, lever les contraintes sp\u00e9cifiques auxquelles les entreprises sont confront\u00e9es et doter rapidement de nouvelles capacit\u00e9s qui permettront d\u2019enregistrer une croissance durable avec la cr\u00e9ation d\u2019emplois \u00e0 la cl\u00e9.<\/p>\n\n\n\n<p>Nous sommes face \u00e0 une mutation soci\u00e9tale qui devrait nous sortir du prisme guin\u00e9o guin\u00e9en et se dire que gouverner n\u2019est pas une sin\u00e9cure mais un sacerdoce.<\/p>\n\n\n\n<p>Au sortir de cette campagne \u00e9lectorale qui a permit de reconduire le Pr\u00e9sident sortant dans ses fonctions, il faut moderniser le personnel politique, instaurer un code d\u2019\u00e9thique pour moraliser la vie publique, entreprendre les r\u00e9formes institutionnelles n\u00e9cessaires pour promouvoir l\u2019\u00e9pargne et l\u2019investissement, asseoir la libert\u00e9 \u00e9conomique, assurer des emplois productifs, mettre en place des filets de protection et donner la possibilit\u00e9 aux citoyens d\u2019exprimer l\u2019\u00e9tendue de leur talent entrepreneurial.<\/p>\n\n\n\n<p>Le pouvoir doit tenir un discours de v\u00e9rit\u00e9 afin de restaurer la confiance.<\/p>\n\n\n\n<p>Le changement, c\u2019est une d\u00e9votion, c\u2019est une question de culture qui s\u2019accommode \u00e0 l\u2019action et non pas des exclusivismes de mauvais aloi.<\/p>\n\n\n\n<p>En fait, un entretien qu\u2019il a conclu en disant qu\u2019il faut mobiliser nos \u00e9nergies sociales et renforcer la moralit\u00e9 de nos populations afin que chaque citoyen sache o\u00f9 commencent ses obligations et o\u00f9 finissent ses droits.<\/p>\n\n\n\n<p>La G\u00e9Ci est d\u00e9sormais membre du R\u00e9seau Lib\u00e9ral Africain (RLA) et compte int\u00e9grer l\u2019Alliance des Lib\u00e9raux et D\u00e9mocrates pour l\u2019Europe, le Pacifique, l\u2019Afrique et les Cara\u00efbes tr\u00e8s prochainement.<\/p>\n\n\n\n<p>FMS a \u00e9t\u00e9 choisi comme candidat \u00e0 l\u2019\u00e9lection pr\u00e9sidentielle du 28 juin 2010 au terme d\u2019une convention de leur parti.<\/p>\n\n\n\n<p>Tr\u00e8s rapidement, il devient le chouchou des jeunes et des femmes.<\/p>\n\n\n\n<p>Aujourd\u2019hui, il a pass\u00e9 un cap important apr\u00e8s 2 \u00e9lections majeures de la Pr\u00e9sidentielle et des L\u00e9gislatives pour un jeune parti.<\/p>\n\n\n\n<p>Il suffit de sillonner le pays pour appr\u00e9cier la campagne de densification et de massification de la G\u00e9Ci.<\/p>\n\n\n\n<p>Conscient de l\u2019ampleur du combat politique qui l\u2019attend, il a multipli\u00e9 les interventions sur les cha\u00eenes de t\u00e9l\u00e9visions publiques et priv\u00e9e en Guin\u00e9e et \u00e0 l\u2019\u00e9tranger.<\/p>\n\n\n\n<p>Il a \u00e9tendue son aura jusque dans les r\u00e9seaux sociaux o\u00f9 il ne rechigne pas \u00e0 \u00e9changer avec des Guin\u00e9ens de tous horizons. C\u2019est un Pr\u00e9sident de parti qui vit avec son \u00e9poque.<\/p>\n\n\n\n<p>Il m\u2019a racont\u00e9 un jour qu\u2019il se sentait vraiment heureux du fait qu\u2019il \u00e9tait en train de r\u00e9aliser ses objectifs \u00e0 travers sa ligne de conviction qui l\u2019avait \u00e9loign\u00e9 de Paris un an d\u2019affil\u00e9e.<\/p>\n\n\n\n<p>Dans ce th\u00e9\u00e2tre politique grotesque o\u00f9 les dirigeants sont compar\u00e9s \u00e0 des b\u00eates qui se mesurent \u00e0 leur \u00e9tat d\u2019\u00eatre qu\u2019\u00e0 leurs capacit\u00e9s intellectuelles, il est le gentleman qui \u00e9blouit l\u2019atmosph\u00e8re sur tous les plateaux de t\u00e9l\u00e9vision tout en restant fid\u00e8le \u00e0 ses amis, \u00e0 la vie et \u00e0 la mort.<\/p>\n\n\n\n<p>Investi dans l\u2019action sociale bien avant d\u2019entrer en politique \u00e0 travers des campagnes de la sant\u00e9, sportives et de l\u2019\u00e9ducation, il continue d\u2019apporter son soutien \u00e0 de nombreux jeunes en situation de pr\u00e9carit\u00e9.<\/p>\n\n\n\n<p>Il participe \u00e0 la vie de la cit\u00e9 en r\u00e9habilitant et en \u00e9quipant des terrains de sports. Il a mont\u00e9 des projets de d\u00e9veloppement rural pour les femmes avant de les orienter vers les institutions financi\u00e8res (FMI, PNUD, USAID, BM, UE) car la G\u00e9Ci fonctionne en fonds propres.<\/p>\n\n\n\n<p>Avec ses raisonnements objectifs, son honn\u00eatet\u00e9 intellectuelle, sa pugnacit\u00e9, son dynamisme, son argumentaire dans les d\u00e9bats contradictoires, son sens du sacrifice, sa loyaut\u00e9 irr\u00e9prochable et son courage ind\u00e9fectible le diff\u00e9rencient de ceux qui sont venus en politique par le fait du hasard.<\/p>\n\n\n\n<p>Son nom aurait pu entrer dans l\u2019histoire et m\u00eame au panth\u00e9on des illustres personnalit\u00e9s politiques de l\u2019\u00e8re de la troisi\u00e8me R\u00e9publique de la Guin\u00e9e, si les r\u00e9sultats de l\u2019\u00e9lection pr\u00e9sidentielle avaient corrobor\u00e9 le vote de cette jeunesse qui lui fait tant confiance.<\/p>\n\n\n\n<p>Un esprit ouvert, un \u0153il un peu plus ferm\u00e9 que l\u2019autre, l\u2019histoire politique de cet homme issu de la deuxi\u00e8me g\u00e9n\u00e9ration des politiques guin\u00e9ens a marqu\u00e9 l\u2019esprit des jeunes g\u00e9n\u00e9rations de son temps qui entendent miser sur lui. Ce qui lui donne de nombreux adversaires sur le terrain.<\/p>\n\n\n\n<p>Mais comme il aime le dire, lorsqu\u2019on a appuy\u00e9 des boutons repr\u00e9sentant des sommes astronomiques, plus rien ne vous fait peur et ne vous d\u00e9stabilise.<\/p>\n\n\n\n<p>Interrog\u00e9 lors d\u2019une interview t\u00e9l\u00e9vis\u00e9e sur le programme du parti, il a d\u00e9clar\u00e9 qu\u2019il avait pour aboutissement l\u2019\u00e9panouissement du citoyen dans sa dimension humaine car la G\u00e9Ci est une aventure humaine avant d\u2019\u00eatre un parti politique.<\/p>\n\n\n\n<p>Son but est de fa\u00e7onner un Guin\u00e9en nouveau dans une Guin\u00e9e nouvelle.<\/p>\n\n\n\n<p>Pour lui, la politique c\u2019est des valeurs, des principes et un jeu, avant de repr\u00e9senter une triste r\u00e9alit\u00e9 que nous connaissons chez nous : tous les moyens sont bons pour arriver \u00e0 ses objectifs. Autrement dit la fin justifie les moyens.<\/p>\n\n\n\n<p>C\u2019est ce qu\u2019il a refus\u00e9 sous l\u2019\u00e8re du d\u00e9funt Pr\u00e9sident Lansana Cont\u00e9, la p\u00e9riode du CNDD et depuis la d\u00e9faite \u00e0 l\u2019\u00e9lection pr\u00e9sidentielle de juin 2010.<\/p>\n\n\n\n<p>Son v\u0153u ardent est de contribuer \u00e0 redorer le blason des Rivi\u00e8res du Sud et de faire basculer l\u2019Afrique dans son destin f\u00e9d\u00e9ral&nbsp;pour r\u00e9ussir la Renaissance africaine.<\/p>\n\n\n\n<p><strong>Tour\u00e9 Fod\u00e9 Abass<\/strong><br><ins><br><\/ins><\/p>\n","protected":false},"excerpt":{"rendered":"<div class=\"mh-excerpt\"><p>JE PUBLIE POUR VOUS UN ANCIEN ARTICLE \u00c9CRIT PAR MONSIEUR TOUR\u00c9 FOD\u00c9 ABASS EN 2011 SUR LE PR\u00c9SIDENT DE GECI, UN ARTICLE REPRIS PAR MOHAMED <a class=\"mh-excerpt-more\" href=\"http:\/\/www.lefolan.com\/fr\/2024\/05\/08\/fode-mohamed-soumah-lhomme-et-son-destin-le-portrait\/\" title=\"FODE MOHAMED SOUMAH,  L&rsquo;HOMME ET SON DESTIN: LE PORTRAIT\">[&#8230;]<\/a><\/p>\n<\/div>","protected":false},"author":1,"featured_media":0,"comment_status":"closed","ping_status":"open","sticky":false,"template":"","format":"standard","meta":[],"categories":[1],"tags":[],"_links":{"self":[{"href":"http:\/\/www.lefolan.com\/fr\/wp-json\/wp\/v2\/posts\/1215"}],"collection":[{"href":"http:\/\/www.lefolan.com\/fr\/wp-json\/wp\/v2\/posts"}],"about":[{"href":"http:\/\/www.lefolan.com\/fr\/wp-json\/wp\/v2\/types\/post"}],"author":[{"embeddable":true,"href":"http:\/\/www.lefolan.com\/fr\/wp-json\/wp\/v2\/users\/1"}],"replies":[{"embeddable":true,"href":"http:\/\/www.lefolan.com\/fr\/wp-json\/wp\/v2\/comments?post=1215"}],"version-history":[{"count":3,"href":"http:\/\/www.lefolan.com\/fr\/wp-json\/wp\/v2\/posts\/1215\/revisions"}],"predecessor-version":[{"id":1218,"href":"http:\/\/www.lefolan.com\/fr\/wp-json\/wp\/v2\/posts\/1215\/revisions\/1218"}],"wp:attachment":[{"href":"http:\/\/www.lefolan.com\/fr\/wp-json\/wp\/v2\/media?parent=1215"}],"wp:term":[{"taxonomy":"category","embeddable":true,"href":"http:\/\/www.lefolan.com\/fr\/wp-json\/wp\/v2\/categories?post=1215"},{"taxonomy":"post_tag","embeddable":true,"href":"http:\/\/www.lefolan.com\/fr\/wp-json\/wp\/v2\/tags?post=1215"}],"curies":[{"name":"wp","href":"https:\/\/api.w.org\/{rel}","templated":true}]}}