{"id":1296,"date":"2025-01-04T15:22:27","date_gmt":"2025-01-04T14:22:27","guid":{"rendered":"http:\/\/www.lefolan.com\/fr\/?p=1296"},"modified":"2025-01-04T15:23:23","modified_gmt":"2025-01-04T14:23:23","slug":"guinee-la-recente-designation-dun-certain-khountigui-de-la-basse-guinee","status":"publish","type":"post","link":"http:\/\/www.lefolan.com\/fr\/2025\/01\/04\/guinee-la-recente-designation-dun-certain-khountigui-de-la-basse-guinee\/","title":{"rendered":"GUINEE: LA R\u00c9CENTE D\u00c9SIGNATION D&rsquo;UN CERTAIN KABA KHOUNTIGUI DE LA BASSE-GUINEE"},"content":{"rendered":"\n<p>La r\u00e9cente d\u00e9signation d&rsquo;un certain Kaba au poste de Khountigui de la Basse-Guin\u00e9e a suscit\u00e9 une vague de r\u00e9actions indign\u00e9es sur certains r\u00e9seaux sociaux. Certains y ont vu le signe d&rsquo;une pr\u00e9tendue domination symbolique et politique de la Haute-Guin\u00e9e sur la Basse-Guin\u00e9e, voire sur l&rsquo;ensemble du pays. Ces interpr\u00e9tations traduisent une m\u00e9connaissance profonde des dynamiques historiques et sociales qui ont fa\u00e7onn\u00e9 les identit\u00e9s en Guin\u00e9e.<\/p>\n\n\n\n<p>En effet, l&rsquo;existence de Kaba en Basse-Guin\u00e9e ne rel\u00e8ve ni d&rsquo;une intrusion r\u00e9cente, ni d&rsquo;une anomalie. Leur pr\u00e9sence dans cette r\u00e9gion remonte \u00e0 la fin du XVIIIe et au d\u00e9but du XIXe si\u00e8cle, \u00e9poque marqu\u00e9e par des mouvements commerciaux et religieux, notamment li\u00e9s au commerce du sel et \u00e0 la propagation de l&rsquo;islam.<br>Ces Kaba, aujourd\u2019hui devenus Soussou, se sont progressivement int\u00e9gr\u00e9s \u00e0 cette communaut\u00e9 depuis plus de deux si\u00e8cles.<\/p>\n\n\n\n<p>Cette trajectoire historique illustre la plasticit\u00e9 des identit\u00e9s ethniques, lesquelles se construisent, se transforment et s\u2019adaptent au gr\u00e9 des interactions sociales, des alliances matrimoniales et des contextes g\u00e9opolitiques. De mani\u00e8re analogue, l\u2019anc\u00eatre des Soumah (Soumba Toumani), souvent pr\u00e9sent\u00e9 comme l\u2019incarnation d\u2019une identit\u00e9 authentiquement Soussou, trouve lui-m\u00eame ses origines dans l\u2019actuelle R\u00e9publique du Mali.<\/p>\n\n\n\n<p>Ces exemples d\u00e9montrent que l\u2019ethnie, loin d\u2019\u00eatre une essence immuable, est une cat\u00e9gorie historiquement contingente et socialement construite, susceptible de mutations en fonction des conjonctures historiques. En l\u2019espace de cinq g\u00e9n\u00e9rations, une m\u00eame famille peut ais\u00e9ment changer d\u2019appartenance ethnique \u00e0 plusieurs reprises, les affiliations s\u2019adaptant aux contextes locaux et aux opportunit\u00e9s socio-\u00e9conomiques.<\/p>\n\n\n\n<p>De surcro\u00eet, les syst\u00e8mes de filiation, qu\u2019ils soient patriarcaux ou matriarcaux, complexifient davantage la d\u00e9termination d\u2019une appartenance ethnique stricte. Une personne peut revendiquer l\u2019ethnie de sa m\u00e8re tout en portant le patronyme de son p\u00e8re, appartenant \u00e0 un autre groupe ethnique.<\/p>\n\n\n\n<p>Il est regrettable de constater \u00e0 quel point la question ethnique tend \u00e0 monopoliser et polariser l&rsquo;attention d&rsquo;une grande partie de la soci\u00e9t\u00e9 guin\u00e9enne, au d\u00e9triment de probl\u00e9matiques autrement plus structurantes. Ces derni\u00e8res incluent la qu\u00eate de justice sociale, l&rsquo;acc\u00e8s \u00e0 une \u00e9ducation de qualit\u00e9 pour les populations les plus \u00e9loign\u00e9es et marginalis\u00e9es, notamment en milieu rural, ainsi que la cr\u00e9ation d&#8217;emplois porteurs de sens et de dignit\u00e9. Ce glissement d&rsquo;attention r\u00e9v\u00e8le une tendance inqui\u00e9tante \u00e0 privil\u00e9gier des d\u00e9bats identitaires souvent instrumentalis\u00e9s, au lieu de s&rsquo;attaquer par exemple aux conditions mat\u00e9rielles qui d\u00e9terminent l&rsquo;existence des populations des zones rurales, et qui constituent pourtant des enjeux essentiels pour la construction d&rsquo;une nation solidaire.<\/p>\n\n\n\n<p>Dans un tel contexte, il est urgent que les intellectuels et les sp\u00e9cialistes des sciences sociales s\u2019emparent de ces questions, afin de d\u00e9construire les r\u00e9cits simplificateurs et instrumentalis\u00e9s qui alimentent les tensions identitaires. Ces probl\u00e9matiques, particuli\u00e8rement sensibles dans une nation o\u00f9 le processus de construction nationale reste largement inachev\u00e9, ne sauraient \u00eatre abandonn\u00e9es aux acteurs politiques et \u00e0 leurs militants. La nation, en tant que projet collectif, exige une approche rationnelle et inform\u00e9e des dynamiques sociales et historiques, loin des discours passionnels et des repr\u00e9sentations fig\u00e9es de l\u2019identit\u00e9.<\/p>\n\n\n\n<p>Dramane Diawara (DD)<\/p>\n\n\n\n<p>Jeune Intellectuel guin\u00e9en <\/p>\n","protected":false},"excerpt":{"rendered":"<div class=\"mh-excerpt\"><p>La r\u00e9cente d\u00e9signation d&rsquo;un certain Kaba au poste de Khountigui de la Basse-Guin\u00e9e a suscit\u00e9 une vague de r\u00e9actions indign\u00e9es sur certains r\u00e9seaux sociaux. Certains <a class=\"mh-excerpt-more\" href=\"http:\/\/www.lefolan.com\/fr\/2025\/01\/04\/guinee-la-recente-designation-dun-certain-khountigui-de-la-basse-guinee\/\" title=\"GUINEE: LA R\u00c9CENTE D\u00c9SIGNATION D&rsquo;UN CERTAIN KABA KHOUNTIGUI DE LA BASSE-GUINEE\">[&#8230;]<\/a><\/p>\n<\/div>","protected":false},"author":1,"featured_media":0,"comment_status":"closed","ping_status":"open","sticky":false,"template":"","format":"standard","meta":[],"categories":[1],"tags":[],"_links":{"self":[{"href":"http:\/\/www.lefolan.com\/fr\/wp-json\/wp\/v2\/posts\/1296"}],"collection":[{"href":"http:\/\/www.lefolan.com\/fr\/wp-json\/wp\/v2\/posts"}],"about":[{"href":"http:\/\/www.lefolan.com\/fr\/wp-json\/wp\/v2\/types\/post"}],"author":[{"embeddable":true,"href":"http:\/\/www.lefolan.com\/fr\/wp-json\/wp\/v2\/users\/1"}],"replies":[{"embeddable":true,"href":"http:\/\/www.lefolan.com\/fr\/wp-json\/wp\/v2\/comments?post=1296"}],"version-history":[{"count":2,"href":"http:\/\/www.lefolan.com\/fr\/wp-json\/wp\/v2\/posts\/1296\/revisions"}],"predecessor-version":[{"id":1298,"href":"http:\/\/www.lefolan.com\/fr\/wp-json\/wp\/v2\/posts\/1296\/revisions\/1298"}],"wp:attachment":[{"href":"http:\/\/www.lefolan.com\/fr\/wp-json\/wp\/v2\/media?parent=1296"}],"wp:term":[{"taxonomy":"category","embeddable":true,"href":"http:\/\/www.lefolan.com\/fr\/wp-json\/wp\/v2\/categories?post=1296"},{"taxonomy":"post_tag","embeddable":true,"href":"http:\/\/www.lefolan.com\/fr\/wp-json\/wp\/v2\/tags?post=1296"}],"curies":[{"name":"wp","href":"https:\/\/api.w.org\/{rel}","templated":true}]}}