{"id":1359,"date":"2025-07-02T23:12:22","date_gmt":"2025-07-02T21:12:22","guid":{"rendered":"https:\/\/www.lefolan.com\/fr\/?p=1359"},"modified":"2025-07-03T17:05:35","modified_gmt":"2025-07-03T15:05:35","slug":"en-guinee-gouvernance-evaluer-bah-oury-ou-alourdir-la-structure-gouvernementale-ou-est-la-priorite-selon-le-decret-signe-et-diffuse-le-lundi-30-juin-2025","status":"publish","type":"post","link":"http:\/\/www.lefolan.com\/fr\/2025\/07\/02\/en-guinee-gouvernance-evaluer-bah-oury-ou-alourdir-la-structure-gouvernementale-ou-est-la-priorite-selon-le-decret-signe-et-diffuse-le-lundi-30-juin-2025\/","title":{"rendered":"EN GUIN\u00c9E : GOUVERNANCE \u00c9VALUER BAH OURY OU ALOURDIR LA STRUCTURE GOUVERNEMENTALE O\u00d9 EST LA PRIORIT\u00c9 SELON LE D\u00c9CRET SIGN\u00c9 ET DIFFUS\u00c9 LE LUNDI 30 JUIN 2025 ?"},"content":{"rendered":"\n<p>Gouvernance \u00c9valuer Bah Oury ou alourdir la structure Gouvernementale O\u00f9 est la priorit\u00e9 Selon D\u00e9cret sign\u00e9 et diffus\u00e9 lundi 30 juin 2025, le Pr\u00e9sident Mamadi Doumbouya a accept\u00e9 la proposition du Premier ministre, Bah Oury de scinder 5 d\u00e9partements et de cr\u00e9er autant de nouveaux minist\u00e8res. <\/p>\n\n\n\n<p>En cette p\u00e9riode de crise socio-\u00e9conomique aigu\u00eb o\u00f9 les populations Guin\u00e9ennes vivent sous un seuil de pauvret\u00e9 insupportable, la priorit\u00e9 ou l&rsquo;urgence devrait elle \u00eatre consacr\u00e9e \u00e0 l&rsquo;\u00e9valuation du gouvernement et de son Chef ou \u00e0 la cr\u00e9ation de nouveaux portefeuilles avec leurs cabinets forc\u00e9ment co\u00fbteux encore pour les caisses de l&rsquo;Etat ?\u00a0<\/p>\n\n\n\n<p><br>La r\u00e9ponse ne souffre d&rsquo;aucune h\u00e9sitation encore moins d&rsquo;ambigu\u00eft\u00e9 au niveau de l&rsquo;opinion o\u00f9 le d\u00e9bat porte dor\u00e9navant sur la sinc\u00e9rit\u00e9 sinon l&rsquo;affairisme de certains hauts responsables de l&rsquo;Etat investis de la confiance pr\u00e9sidentielle.&nbsp;Ce D\u00e9cret visant \u00e0 placer des proches est g\u00e9n\u00e9ralement per\u00e7u comme une des multiples formes de man\u0153uvres et combines sinon d&rsquo;abus dont semble \u00eatre malheureusement victime le G\u00e9n\u00e9ral Mamadi Doumbouya de la part de collaborateurs et compagnons. Il ne plaide pour l&rsquo;image du Premier ministre Bah Oury.<br>&nbsp;M\u00eame si peu d\u2019observateurs reconnaissent, depuis son installation au Palais Colombe, le farouche opposant aux discours acerbes et pertinents \u00e0 la limite de la virulence, l&rsquo;opinion estime que le relatif long combat politique de Bah Oury est une v\u00e9ritable exp\u00e9rience qui aurait pu \u00eatre un atout pour mieux servir et guider le G\u00e9n\u00e9ral Mamadi Doumbouya politiquement moins outill\u00e9 que son Premier ministre.&nbsp;<\/p>\n\n\n\n<p><br>Nomm\u00e9 le 27 f\u00e9vrier 2024, en remplacement de Bernard Goumou, la loyaut\u00e9 et l&rsquo;honn\u00eatet\u00e9 auraient voulu que le Premier ministre, Chef du Gouvernement, 1 an et 5 mois apr\u00e8s, soumette au Pr\u00e9sident Mamadi Doumbouya un projet d&rsquo;\u00e9valuation du bilan de son \u00e9quipe en lieu et place d&rsquo;un autre visant \u00e0 grossir celle-ci par de nouveaux Maroquins alors que la Guin\u00e9e et les Guin\u00e9ens traversent des moments tr\u00e8s difficiles dans leur quotidien. Cette d\u00e9marche est forc\u00e9ment une d\u00e9ception pour les observateurs.<br>\u00c0 sa prise de fonction, le 29 f\u00e9vrier 2025, Bah Oury \u00e9tait pourtant conscient de tous les maux qui assaillent la soci\u00e9t\u00e9 Guin\u00e9enne :<\/p>\n\n\n\n<p><br>\u00ab D\u00e8s la prise du pouvoir le 5 septembre 2021, le chef de l\u2019Etat a indiqu\u00e9 que la justice est la boussole de notre action. Par cons\u00e9quent, nous ne devons m\u00e9nager aucun effort pour que notre justice soit forte, efficace et juste. Plusieurs d\u00e9cennies d\u2019absence significative de l\u2019Etat pour servir les attentes et les besoins en termes de routes, de pistes et de services de base aux populations ont rendu titanesque les t\u00e2ches \u00e0 accomplir pour satisfaire toutes les r\u00e9gions de la Guin\u00e9e maintenant. Mais d\u2019ores et d\u00e9j\u00e0, la preuve est donn\u00e9e par la r\u00e9alisation des travaux actuels qui sont flor\u00e8s que si la volont\u00e9 politique est l\u00e0, alors nous pouvons changer la Guin\u00e9e. Les infrastructures ont vocation \u00e0 permettre \u00e0 la soci\u00e9t\u00e9 humaine d\u2019\u00eatre en interaction pour la satisfaction de multiples besoins sociaux, \u00e9conomiques et autres. C\u2019est-\u00e0-dire \u00e0 \u00eatre des vecteurs de rapprochement pour des formes de coexistence. Que sont-elles ou \u00e0 quoi servent-elles si en d\u00e9pit de leur r\u00e9alisation notre soci\u00e9t\u00e9 reste divis\u00e9e, compartiment\u00e9e en des blocs antagoniques et oppos\u00e9s ? C\u2019est pour cela que le G\u00e9n\u00e9ral Doumbouya a instruit de piloter la poursuite des travaux des assises nationales qui in fine pr\u00e9parent le chantier phare de la Transition, \u00e0 savoir :&nbsp;la restauration du bon vivre ensemble pour aboutir \u00e0 une r\u00e9conciliation nationale p\u00e9renne et solide. Ce chantier tient beaucoup \u00e0 c\u0153ur son excellence le pr\u00e9sident de la r\u00e9publique. Il a parfaitement raison, car l\u2019unit\u00e9, la fraternit\u00e9 et la solidarit\u00e9 entre tous les Guin\u00e9ens sont les piliers de notre capacit\u00e9 \u00e0 \u00eatre ce que nous sommes, \u00e0 savoir : un pays et un peuple souverain \u00bb.<\/p>\n\n\n\n<p><br>Apr\u00e8s un an et 5 mois d&rsquo;exercice, que reste-t-il de ce discours volontariste auquel tient le Pr\u00e9sident Mamadi Doumbouya ?La situation \u00e9conomique du pays s&rsquo;est elle am\u00e9lior\u00e9e ?O\u00f9 est le bien \u00eatre et le vivre ensemble promis au Guin\u00e9en ?Quels r\u00e9sultats a-t-il pu obtenir dans le processus de r\u00e9conciliation nationale s\u2019il a \u00e9t\u00e9 amorc\u00e9 ?<br>Face \u00e0 la crise de liquidit\u00e9s dont sont confront\u00e9s, pour la premi\u00e8re fois de l&rsquo;histoire de la Guin\u00e9e, les \u00e9tablissements bancaires, la logique et le sens des responsabilit\u00e9s exigent que le banquier Bah Oury concentre davantage ses m\u00e9ninges et \u00e9nergies \u00e0 endiguer durablement ce ph\u00e9nom\u00e8ne non reluisant dans son bilan.&nbsp;<br>Au moment o\u00f9 les ambassades Guin\u00e9ennes sont satur\u00e9es avec un personnel difficile \u00e0 supporter, le fonctionnement normal des d\u00e9partements minist\u00e9riels paralys\u00e9, quel serait le co\u00fbt et o\u00f9 trouver les ressources de ces 5 nouveaux minist\u00e8res ?&nbsp;<\/p>\n\n\n\n<p><br>Probablement que la perspective de la consultation r\u00e9f\u00e9rendaire du 21 septembre 2025 suscite des envies. Et sous le pr\u00e9texte de favoriser le vote massif pour le OUI, on profite pour positionner des amis dans la haute sph\u00e8re de l&rsquo;Etat.&nbsp;<\/p>\n\n\n\n<p><br>\u00c0 l\u2019image des faux march\u00e9s comme les feux de signalisation routi\u00e8re n\u00e9goci\u00e9s \u00e0 des milliards de francs Guin\u00e9ens et pratiquement \u00e9teints aujourd\u2019hui qu&rsquo;on cesse de tromper le Pr\u00e9sident Mamadi Doumbouya avec la galopante gabegie financi\u00e8re.&nbsp;<\/p>\n\n\n\n<p><br>Le Chef de l\u2019Etat devrait int\u00e9grer qu&rsquo;aucun Guin\u00e9en ne dicte le vote de l&rsquo;autre, nul n&rsquo;est propri\u00e9taire du bulletin de son semblable. Les populations Guin\u00e9ennes, conscientes de l&rsquo;utilit\u00e9 d&rsquo;un ordre constitutionnel, n&rsquo;ont besoin de directives de personne pour se prononcer.&nbsp;<\/p>\n\n\n\n<p><br>\u00c0 cet effet, il est imp\u00e9ratif de comprendre que le G\u00e9n\u00e9ral Mamadi Doumbouya, principal sinon unique artisan du 05 septembre 2021, n&rsquo;a besoin que de ses actes et actions pour \u00eatre populaire ou impopulaire chez ses compatriotes. Ce ne sera l&rsquo;\u0153uvre de personne d&rsquo;autre. Qu\u2019il ne se m\u00e9prenne point, le jour du rendez-vous avec l&rsquo;histoire, lui et lui seul r\u00e9pondra. Pas avec ceux qui se manifestent aujourd&rsquo;hui dans l&rsquo;agitation apr\u00e8s avoir brill\u00e9 dans la flagornerie avec les pr\u00e9c\u00e9dents r\u00e9gimes.&nbsp;<br>Ainsi&nbsp; entre la rigueur et le s\u00e9rieux au service de l&rsquo;int\u00e9r\u00eat des populations Guin\u00e9ennes et la gabegie que pr\u00f4nent les app\u00e9tits opportunistes, le choix est tr\u00e8s simple et est vite fait.<\/p>\n\n\n\n<p>&nbsp;Le moment venu, le Pr\u00e9sident aura toute la latitude de revoir d&rsquo;un bout \u00e0 l&rsquo;autre, la structure du Gouvernement et nomm\u00e9 les cadres de sa convenance et de sa confiance. Pour le moment, l&rsquo;id\u00e9al voudrait que le Chef du Gouvernement et ses ministres soient \u00e9valu\u00e9s. Maintenir les m\u00e9ritants avec r\u00e9sultats, renvoy\u00e9s et remplac\u00e9s les d\u00e9faillants sans exception.&nbsp;<\/p>\n\n\n\n<p><br>Abdoulaye Cond\u00e9 Membre de l&rsquo;association des 1ers journalistes ind\u00e9pendants de Guin\u00e9e<\/p>\n","protected":false},"excerpt":{"rendered":"<div class=\"mh-excerpt\"><p>Gouvernance \u00c9valuer Bah Oury ou alourdir la structure Gouvernementale O\u00f9 est la priorit\u00e9 Selon D\u00e9cret sign\u00e9 et diffus\u00e9 lundi 30 juin 2025, le Pr\u00e9sident Mamadi <a class=\"mh-excerpt-more\" href=\"http:\/\/www.lefolan.com\/fr\/2025\/07\/02\/en-guinee-gouvernance-evaluer-bah-oury-ou-alourdir-la-structure-gouvernementale-ou-est-la-priorite-selon-le-decret-signe-et-diffuse-le-lundi-30-juin-2025\/\" title=\"EN GUIN\u00c9E : GOUVERNANCE \u00c9VALUER BAH OURY OU ALOURDIR LA STRUCTURE GOUVERNEMENTALE O\u00d9 EST LA PRIORIT\u00c9 SELON LE D\u00c9CRET SIGN\u00c9 ET DIFFUS\u00c9 LE LUNDI 30 JUIN 2025 ?\">[&#8230;]<\/a><\/p>\n<\/div>","protected":false},"author":1,"featured_media":0,"comment_status":"closed","ping_status":"open","sticky":false,"template":"","format":"standard","meta":[],"categories":[1],"tags":[],"_links":{"self":[{"href":"http:\/\/www.lefolan.com\/fr\/wp-json\/wp\/v2\/posts\/1359"}],"collection":[{"href":"http:\/\/www.lefolan.com\/fr\/wp-json\/wp\/v2\/posts"}],"about":[{"href":"http:\/\/www.lefolan.com\/fr\/wp-json\/wp\/v2\/types\/post"}],"author":[{"embeddable":true,"href":"http:\/\/www.lefolan.com\/fr\/wp-json\/wp\/v2\/users\/1"}],"replies":[{"embeddable":true,"href":"http:\/\/www.lefolan.com\/fr\/wp-json\/wp\/v2\/comments?post=1359"}],"version-history":[{"count":3,"href":"http:\/\/www.lefolan.com\/fr\/wp-json\/wp\/v2\/posts\/1359\/revisions"}],"predecessor-version":[{"id":1363,"href":"http:\/\/www.lefolan.com\/fr\/wp-json\/wp\/v2\/posts\/1359\/revisions\/1363"}],"wp:attachment":[{"href":"http:\/\/www.lefolan.com\/fr\/wp-json\/wp\/v2\/media?parent=1359"}],"wp:term":[{"taxonomy":"category","embeddable":true,"href":"http:\/\/www.lefolan.com\/fr\/wp-json\/wp\/v2\/categories?post=1359"},{"taxonomy":"post_tag","embeddable":true,"href":"http:\/\/www.lefolan.com\/fr\/wp-json\/wp\/v2\/tags?post=1359"}],"curies":[{"name":"wp","href":"https:\/\/api.w.org\/{rel}","templated":true}]}}