{"id":1372,"date":"2025-07-21T09:07:58","date_gmt":"2025-07-21T07:07:58","guid":{"rendered":"https:\/\/www.lefolan.com\/fr\/?p=1372"},"modified":"2025-07-21T09:07:58","modified_gmt":"2025-07-21T07:07:58","slug":"en-guinee-a-deux-mois-du-referendum-une-analyse-de-cellou-mandela-diallo","status":"publish","type":"post","link":"http:\/\/www.lefolan.com\/fr\/2025\/07\/21\/en-guinee-a-deux-mois-du-referendum-une-analyse-de-cellou-mandela-diallo\/","title":{"rendered":"EN GUIN\u00c9E : A DEUX MOIS DU R\u00c9F\u00c9RENDUM, UNE ANALYSE DE CELLOU MANDELA DIALLO"},"content":{"rendered":"\n<p>\u00c0 deux mois du r\u00e9f\u00e9rendum constitutionnel pr\u00e9vu en Guin\u00e9e, Cellou Mandela Diallo, \u00e9tudiant et acteur de la soci\u00e9t\u00e9 civile estudiantine, d\u00e9nonce un texte qui, selon lui, est en d\u00e9calage avec les promesses initiales et avec l\u2019esprit m\u00eame de la transition. Il y voit des dispositions taill\u00e9es sur mesure pour maintenir la junte au pouvoir, et appelle le pr\u00e9sident \u00e0 respecter son engagement de ne pas se pr\u00e9senter aux prochaines \u00e9lections.<\/p>\n\n\n\n<p>\ud83d\udfe5 TRIBUNE \u270d\ufe0f<br>\ud835\udddf\ud835\uddf2\ud835\ude00 \ud835\uddfa\ud835\uddf6\ud835\uddf9\ud835\uddf6\ud835\ude01\ud835\uddee\ud835\uddf6\ud835\uddff\ud835\uddf2\ud835\ude00 \ud835\uddee\ud835\ude02\ud835\ude05 \ud835\uddf0\ud835\uddee\ud835\ude00\ud835\uddf2\ud835\uddff\ud835\uddfb\ud835\uddf2\ud835\ude00, \ud835\uddfd\ud835\uddee\ud835\ude00 \ud835\uddf1\ud835\uddee\ud835\uddfb\ud835\ude00 \ud835\uddf9\ud835\uddf2\ud835\ude00 \ud835\uddfd\ud835\uddee\ud835\uddf9\ud835\uddee\ud835\uddf6\ud835\ude00<br>Par Cellou Mandela Diallo<\/p>\n\n\n\n<p>Monsieur le Pr\u00e9sident,<\/p>\n\n\n\n<p>Nous avons pris acte de votre r\u00e9cent message adress\u00e9 aux repr\u00e9sentants de la R\u00e9publique \u00e0 l\u2019\u00e9tranger, les exhortant \u00e0 accompagner la dynamique constitutionnelle en cours. Mais il est de notre devoir, en tant que citoyens attentifs au destin de la Guin\u00e9e, d\u2019exprimer nos profondes pr\u00e9occupations.<\/p>\n\n\n\n<p>Vous parlez d\u2019une Constitution qui \u00ab nous rassemble et nous ressemble \u00bb. Pourtant, force est de constater que le texte pr\u00e9sent\u00e9 s\u2019\u00e9carte gravement des id\u00e9es et valeurs annonc\u00e9es dans l\u2019avant-projet initial. L\u00e0 o\u00f9 le peuple attendait un texte garantissant la d\u00e9mocratie et l\u2019\u00c9tat de droit, beaucoup constatent aujourd\u2019hui une s\u00e9rie de trahisons flagrantes.<\/p>\n\n\n\n<p>Par exemple, l\u2019avant-projet fixait la dur\u00e9e du mandat pr\u00e9sidentiel \u00e0 5 ans. Or, dans le projet soumis au r\u00e9f\u00e9rendum, ce mandat passe d\u00e9sormais \u00e0 7 ans renouvelables une fois. Cette modification majeure, sans justification pertinente, appara\u00eet comme un recul d\u00e9mocratique et un instrument potentiel de confiscation durable du pouvoir.<\/p>\n\n\n\n<p>Autre exemple r\u00e9v\u00e9lateur : l\u2019introduction de l\u2019acceptation des candidatures ind\u00e9pendantes \u00e0 l\u2019\u00e9lection pr\u00e9sidentielle, alors m\u00eame que vous n\u2019\u00eates membre d\u2019aucun parti politique structur\u00e9. De plus, la lev\u00e9e de l\u2019interdiction faite aux binationaux de briguer la magistrature supr\u00eame \u2013 vous concernant directement puisque vous \u00eates fran\u00e7ais en plus d\u2019\u00eatre guin\u00e9en \u2013 ach\u00e8ve de convaincre de la nature de ce projet. Tout cela donne l\u2019image d\u2019une Constitution taill\u00e9e sur mesure pour un homme, et non d\u2019une loi fondamentale pens\u00e9e pour la post\u00e9rit\u00e9.<\/p>\n\n\n\n<p>Plus pr\u00e9occupant encore, dans le pr\u00e9ambule de cette probable future Constitution, aucune disposition n\u2019affirme clairement sa continuit\u00e9 avec l\u2019esprit de la Charte de la transition actuellement en vigueur. Pourtant, c\u2019est bien sur cette Charte que vous avez pr\u00eat\u00e9 serment devant le peuple et la communaut\u00e9 internationale, en y affirmant solennellement votre engagement \u00e0 ne participer \u00e0 aucune des \u00e9lections devant marquer la fin de la transition.<\/p>\n\n\n\n<p>Cet oubli n\u2019a rien d\u2019anodin. Il laisse craindre que la nouvelle Constitution ne serve d\u2019instrument de l\u00e9gitimation d\u2019un projet personnel plut\u00f4t que d\u2019aboutissement d\u2019un processus de refondation d\u00e9mocratique.<\/p>\n\n\n\n<p>Vous \u00e9voquez un processus historique. Pourtant, le recensement qui devait garantir l\u2019inclusivit\u00e9 et la transparence a \u00e9t\u00e9 b\u00e2cl\u00e9, en Guin\u00e9e comme \u00e0 l\u2019\u00e9tranger. Des milliers de nos compatriotes n\u2019ont pas pu s\u2019enr\u00f4ler et seront exclus d\u2019un vote qui engage pourtant leur avenir collectif.<\/p>\n\n\n\n<p>Plus grave encore, Monsieur le Pr\u00e9sident, jamais les libert\u00e9s fondamentales n\u2019ont \u00e9t\u00e9 autant bafou\u00e9es. Les arrestations arbitraires se multiplient. La r\u00e9pression de toute voix discordante est devenue syst\u00e9matique. Les m\u00e9dias ind\u00e9pendants sont suspendus ou ferm\u00e9s sans aucun respect des proc\u00e9dures judiciaires. Et que dire des activistes et journalistes enlev\u00e9s par des \u00e9l\u00e9ments des forces de d\u00e9fense et de s\u00e9curit\u00e9, comme l\u2019ont attest\u00e9 de nombreux t\u00e9moins, et qui demeurent introuvables \u00e0 ce jour ?<\/p>\n\n\n\n<p>Nous vous demandons ici, solennellement et publiquement : o\u00f9 sont ces journalistes et activistes enlev\u00e9s ? Qu\u2019ont-ils fait d\u2019autre qu\u2019exercer leur libert\u00e9 de conscience et d\u2019expression, dans un pays o\u00f9 ces droits sont garantis par la Constitution actuelle et par tous les instruments internationaux ratifi\u00e9s par la Guin\u00e9e ?<\/p>\n\n\n\n<p>Monsieur le Pr\u00e9sident, l\u2019histoire politique nous enseigne que c\u2019est souvent lorsqu\u2019un r\u00e9gime se croit trop solidement install\u00e9 qu\u2019il devient le plus fragile. L\u2019arrogance du pouvoir est un poison lent mais mortel. Les exemples abondent : Mobutu Sese Seko au Za\u00efre, apr\u00e8s trente-deux ans de r\u00e8gne absolu, croyait son pouvoir \u00e9ternel jusqu\u2019\u00e0 ce qu\u2019il soit renvers\u00e9 en quelques mois ; Blaise Compaor\u00e9 au Burkina Faso, s\u00fbr de lui, osa modifier la Constitution pour s\u2019offrir un nouveau mandat, avant d\u2019\u00eatre chass\u00e9 par son peuple en quarante-huit heures. M\u00eame en Guin\u00e9e, le Pr\u00e9sident Alpha Cond\u00e9, port\u00e9 par un immense espoir d\u00e9mocratique en 2010, a cru pouvoir d\u00e9fier l\u2019histoire en changeant la Constitution pour briguer un troisi\u00e8me mandat. La suite, vous la connaissez : en quelques mois, il perdit tout pouvoir et toute l\u00e9gitimit\u00e9.<\/p>\n\n\n\n<p>Ces chutes brutales rappellent que le pouvoir n\u2019est jamais aussi faible que lorsqu\u2019il se croit invincible. L\u2019arrogance, en politique, n\u2019est pas une marque de force mais le sympt\u00f4me de la peur : la peur de rendre compte, la peur de la v\u00e9rit\u00e9, la peur du peuple.<\/p>\n\n\n\n<p>Enfin, Monsieur le Pr\u00e9sident, sachez qu\u2019il y aura bien plus \u00e0 gagner pour vous, pour cette transition, et pour la Guin\u00e9e tout enti\u00e8re, en respectant votre engagement de ne pas vous pr\u00e9senter aux prochaines \u00e9lections pr\u00e9sidentielles, afin de permettre un v\u00e9ritable retour \u00e0 l\u2019ordre constitutionnel. Car si le peuple de Guin\u00e9e semble aujourd\u2019hui d\u00e9mobilis\u00e9 et traumatis\u00e9, il ne saura jamais accepter l\u2019instauration d\u2019une dictature militaire. L\u2019histoire de l\u2019Afrique contemporaine nous l\u2019enseigne : les militaires ont toute leur place dans les casernes, et non dans les palais.<\/p>\n\n\n\n<p>C\u2019est dans cette voie seulement \u2013 celle du respect de la parole donn\u00e9e, des libert\u00e9s et de la justice \u2013 que nous pourrons b\u00e2tir l\u2019unit\u00e9 nationale et la prosp\u00e9rit\u00e9 durable que m\u00e9rite notre Nation.<\/p>\n\n\n\n<p>\ud835\uddd6\ud835\uddf2\ud835\uddf9\ud835\uddf9\ud835\uddfc\ud835\ude02 \ud835\udde0\ud835\uddee\ud835\uddfb\ud835\uddf1\ud835\uddf2\ud835\uddf9\ud835\uddee \ud835\uddd7\ud835\uddf6\ud835\uddee\ud835\uddf9\ud835\uddf9\ud835\uddfc<br>\u00c9tudiant guin\u00e9en en master de philosophie politique \u00e0 l\u2019Universit\u00e9 de Paris-Sorbonne, Responsable de la cellule de communication de la Coalition des \u00c9tudiants Leaders de Guin\u00e9e.<\/p>\n","protected":false},"excerpt":{"rendered":"<div class=\"mh-excerpt\"><p>\u00c0 deux mois du r\u00e9f\u00e9rendum constitutionnel pr\u00e9vu en Guin\u00e9e, Cellou Mandela Diallo, \u00e9tudiant et acteur de la soci\u00e9t\u00e9 civile estudiantine, d\u00e9nonce un texte qui, selon <a class=\"mh-excerpt-more\" href=\"http:\/\/www.lefolan.com\/fr\/2025\/07\/21\/en-guinee-a-deux-mois-du-referendum-une-analyse-de-cellou-mandela-diallo\/\" title=\"EN GUIN\u00c9E : A DEUX MOIS DU R\u00c9F\u00c9RENDUM, UNE ANALYSE DE CELLOU MANDELA DIALLO\">[&#8230;]<\/a><\/p>\n<\/div>","protected":false},"author":1,"featured_media":0,"comment_status":"closed","ping_status":"open","sticky":false,"template":"","format":"standard","meta":[],"categories":[1],"tags":[],"_links":{"self":[{"href":"http:\/\/www.lefolan.com\/fr\/wp-json\/wp\/v2\/posts\/1372"}],"collection":[{"href":"http:\/\/www.lefolan.com\/fr\/wp-json\/wp\/v2\/posts"}],"about":[{"href":"http:\/\/www.lefolan.com\/fr\/wp-json\/wp\/v2\/types\/post"}],"author":[{"embeddable":true,"href":"http:\/\/www.lefolan.com\/fr\/wp-json\/wp\/v2\/users\/1"}],"replies":[{"embeddable":true,"href":"http:\/\/www.lefolan.com\/fr\/wp-json\/wp\/v2\/comments?post=1372"}],"version-history":[{"count":1,"href":"http:\/\/www.lefolan.com\/fr\/wp-json\/wp\/v2\/posts\/1372\/revisions"}],"predecessor-version":[{"id":1373,"href":"http:\/\/www.lefolan.com\/fr\/wp-json\/wp\/v2\/posts\/1372\/revisions\/1373"}],"wp:attachment":[{"href":"http:\/\/www.lefolan.com\/fr\/wp-json\/wp\/v2\/media?parent=1372"}],"wp:term":[{"taxonomy":"category","embeddable":true,"href":"http:\/\/www.lefolan.com\/fr\/wp-json\/wp\/v2\/categories?post=1372"},{"taxonomy":"post_tag","embeddable":true,"href":"http:\/\/www.lefolan.com\/fr\/wp-json\/wp\/v2\/tags?post=1372"}],"curies":[{"name":"wp","href":"https:\/\/api.w.org\/{rel}","templated":true}]}}