{"id":1409,"date":"2025-10-04T03:17:55","date_gmt":"2025-10-04T01:17:55","guid":{"rendered":"http:\/\/www.lefolan.com\/fr\/?p=1409"},"modified":"2025-10-04T03:17:55","modified_gmt":"2025-10-04T01:17:55","slug":"en-guinee-selon-cheick-tiane-traore-lhistoire-de-la-guinee-ne-sera-pas-falsifiee","status":"publish","type":"post","link":"http:\/\/www.lefolan.com\/fr\/2025\/10\/04\/en-guinee-selon-cheick-tiane-traore-lhistoire-de-la-guinee-ne-sera-pas-falsifiee\/","title":{"rendered":"EN GUIN\u00c9E : SELON CHEICK TIANE TRAOR\u00c9 , L&rsquo;HISTOIRE DE LA GUIN\u00c9E NE SERA PAS FALSIFIEE !  ! !"},"content":{"rendered":"\n<p><\/p>\n\n\n\n<p>\u00c9ditorial : L\u2019histoire de la Guin\u00e9e ne sera pas falsifi\u00e9e<\/p>\n\n\n\n<p>Une meute de charognards politiques r\u00f4de autour de notre m\u00e9moire nationale. Leur obsession ? D\u00e9pecer l\u2019h\u00e9ritage de 1958 pour en faire un festin de mensonges. Ces vautours de l\u2019histoire, nourris de rancunes et de haines h\u00e9rit\u00e9es, croient qu\u2019en griffonnant leurs pamphlets v\u00e9n\u00e9neux ils r\u00e9ussiront \u00e0 salir ce qu\u2019ils n\u2019ont jamais su construire.<\/p>\n\n\n\n<p>Ils ne trompent personne. Derri\u00e8re leurs grands airs de \u00ab redresseurs de v\u00e9rit\u00e9 \u00bb, ils ne sont que des imposteurs sans l\u00e9gitimit\u00e9, des parasites qui se nourrissent du travail des vrais b\u00e2tisseurs. Ils parlent de justice historique, mais leur seule ambition est de profaner la m\u00e9moire d\u2019Ahmed S\u00e9kou Tour\u00e9 et des compagnons de l\u2019ind\u00e9pendance pour se donner une importance qu\u2019ils n\u2019auront jamais.<\/p>\n\n\n\n<p>Qu\u2019ils hurlent, qu\u2019ils vocif\u00e8rent, qu\u2019ils se tordent de rage : rien n\u2019y fera. L\u2019histoire de la Guin\u00e9e est scell\u00e9e dans le marbre du 2 octobre 1958. Ce jour-l\u00e0, le peuple guin\u00e9en, guid\u00e9 par ses h\u00e9ros, a dit \u00ab non \u00bb \u00e0 l\u2019humiliation et \u00ab oui \u00bb \u00e0 la dignit\u00e9. Cette victoire n\u2019appartient pas aux vautours ni aux charognards : elle appartient \u00e0 la nation tout enti\u00e8re.<\/p>\n\n\n\n<p>On peut critiquer des r\u00e9gimes, d\u00e9battre de leurs exc\u00e8s, mais une chose est inattaquable : Ahmed S\u00e9kou Tour\u00e9 et ses compagnons resteront \u00e0 jamais les p\u00e8res de l\u2019ind\u00e9pendance guin\u00e9enne. Quiconque ose le nier ne se range pas dans le camp de la v\u00e9rit\u00e9, mais dans celui des fossoyeurs, des parasites et des ennemis de la m\u00e9moire nationale.<\/p>\n\n\n\n<p>La Guin\u00e9e n\u2019offrira jamais son histoire en p\u00e2ture aux vautours. Elle n\u2019autorisera jamais les charognards politiques \u00e0 profaner ses h\u00e9ros. Car une nation sans m\u00e9moire est une nation morte \u2014 et la Guin\u00e9e, elle, est vivante, debout, et farouchement fid\u00e8le \u00e0 ceux qui lui ont offert la libert\u00e9.<\/p>\n\n\n\n<p>Wassalam.<\/p>\n\n\n\n<p>Que Dieu prot\u00e8ge la Guin\u00e9e et b\u00e9nisse les Guin\u00e9ens.<\/p>\n\n\n\n<p>Honorable Cheick Tidiane Traor\u00e9<br>Vice-coordinateur AFP \/ Porte-parole<\/p>\n","protected":false},"excerpt":{"rendered":"<div class=\"mh-excerpt\"><p>\u00c9ditorial : L\u2019histoire de la Guin\u00e9e ne sera pas falsifi\u00e9e Une meute de charognards politiques r\u00f4de autour de notre m\u00e9moire nationale. Leur obsession ? D\u00e9pecer <a class=\"mh-excerpt-more\" href=\"http:\/\/www.lefolan.com\/fr\/2025\/10\/04\/en-guinee-selon-cheick-tiane-traore-lhistoire-de-la-guinee-ne-sera-pas-falsifiee\/\" title=\"EN GUIN\u00c9E : SELON CHEICK TIANE TRAOR\u00c9 , L&rsquo;HISTOIRE DE LA GUIN\u00c9E NE SERA PAS FALSIFIEE !  ! !\">[&#8230;]<\/a><\/p>\n<\/div>","protected":false},"author":1,"featured_media":0,"comment_status":"closed","ping_status":"open","sticky":false,"template":"","format":"standard","meta":[],"categories":[1],"tags":[],"_links":{"self":[{"href":"http:\/\/www.lefolan.com\/fr\/wp-json\/wp\/v2\/posts\/1409"}],"collection":[{"href":"http:\/\/www.lefolan.com\/fr\/wp-json\/wp\/v2\/posts"}],"about":[{"href":"http:\/\/www.lefolan.com\/fr\/wp-json\/wp\/v2\/types\/post"}],"author":[{"embeddable":true,"href":"http:\/\/www.lefolan.com\/fr\/wp-json\/wp\/v2\/users\/1"}],"replies":[{"embeddable":true,"href":"http:\/\/www.lefolan.com\/fr\/wp-json\/wp\/v2\/comments?post=1409"}],"version-history":[{"count":1,"href":"http:\/\/www.lefolan.com\/fr\/wp-json\/wp\/v2\/posts\/1409\/revisions"}],"predecessor-version":[{"id":1410,"href":"http:\/\/www.lefolan.com\/fr\/wp-json\/wp\/v2\/posts\/1409\/revisions\/1410"}],"wp:attachment":[{"href":"http:\/\/www.lefolan.com\/fr\/wp-json\/wp\/v2\/media?parent=1409"}],"wp:term":[{"taxonomy":"category","embeddable":true,"href":"http:\/\/www.lefolan.com\/fr\/wp-json\/wp\/v2\/categories?post=1409"},{"taxonomy":"post_tag","embeddable":true,"href":"http:\/\/www.lefolan.com\/fr\/wp-json\/wp\/v2\/tags?post=1409"}],"curies":[{"name":"wp","href":"https:\/\/api.w.org\/{rel}","templated":true}]}}