{"id":1440,"date":"2025-10-20T13:12:41","date_gmt":"2025-10-20T11:12:41","guid":{"rendered":"http:\/\/www.lefolan.com\/fr\/?p=1440"},"modified":"2025-10-20T13:12:41","modified_gmt":"2025-10-20T11:12:41","slug":"en-guinee-hommage-au-professeur-sekou-mouke-yansane-premier-guineen-agrege-de-grammaire","status":"publish","type":"post","link":"http:\/\/www.lefolan.com\/fr\/2025\/10\/20\/en-guinee-hommage-au-professeur-sekou-mouke-yansane-premier-guineen-agrege-de-grammaire\/","title":{"rendered":"EN GUIN\u00c9E : HOMMAGE AU PROFESSEUR SEKOU MOUK\u00c9 YANSANE, PREMIER GUIN\u00c9EN AGR\u00c9G\u00c9 DE GRAMMAIRE !"},"content":{"rendered":"\n<p>Apr\u00e8s l\u2019ind\u00e9pendance de la Guin\u00e9e, proclam\u00e9e le 2 octobre 1958, la France retira brutalement la quasi-totalit\u00e9 de son personnel administratif et enseignant. Ce d\u00e9part massif cr\u00e9a un vide immense dans les \u00e9coles, les lyc\u00e9es et les institutions de formation du pays.<br>C\u2019est \u00e0 ce moment crucial que des intellectuels guin\u00e9ens patriotes, parmi lesquels S\u00e9kou Mouk\u00e9 Yansan\u00e9, prirent la rel\u00e8ve pour sauver le syst\u00e8me \u00e9ducatif national.<br>En tant que premier agr\u00e9g\u00e9 de grammaire, il mit son savoir au service de la jeune R\u00e9publique.<br>Il contribua \u00e0 la formation des cadres enseignants guin\u00e9ens et participa \u00e0 la guin\u00e9isation du syst\u00e8me \u00e9ducatif, conform\u00e9ment \u00e0 la politique du pr\u00e9sident Ahmed S\u00e9kou Tour\u00e9.<\/p>\n\n\n\n<p>N\u00e9 en 1930 \u00e0 For\u00e9cariah d&rsquo;une grande et illustre famille du Moriyah Elhadj Sekou Mouk\u00e9 Yansane \u00e9tait le fils a\u00een\u00e9 de ELHADJ FOD\u00c9 MOUK\u00c9 YANSAN\u00c9, un prosp\u00e8re homme d&rsquo;affaires et de planteurs de banane, et de MAMA AISSATA TOUR\u00c9 dite NGADY.<\/p>\n\n\n\n<p>Sekou Mouk\u00e9 Yansane fr\u00e9quenta l&rsquo;\u00e9cole coranique de Karamoko Alpha Ibrahim Tour\u00e9 son grand-p\u00e8re maternel avant d&rsquo;entamer l&rsquo;\u00e9cole fran\u00e7aise \u00e0 Forecariah.<br>Il fit ses \u00e9tudes secondaires classiques (Latin et Grec) au Lyc\u00e9e Van Vollenhoven (actuel Lamine Gu\u00e8ye) de Dakar au S\u00e9n\u00e9gal.<br>Apr\u00e8s l&rsquo;ann\u00e9e de Prop\u00e9deutique \u00e0 l&rsquo;universit\u00e9 de Fann-Dakar, il obt\u00eent sa licence de lettres classiques en 1959 \u00e0 Poitiers puis suiv\u00eet \u00e0 Paris en 1960 des cours post-universitaires \u00e0 La Sorbonne et \u00e0 l&rsquo;Institut des Sciences Politiques.<\/p>\n\n\n\n<p>De retour dans sa Guin\u00e9e natale, ses activit\u00e9s successives furent l&rsquo;enseignement, la recherche, la diplomatie, l&rsquo;administration du territoire et la politique comme d\u00e9put\u00e9 et vice-pr\u00e9sident de l&rsquo;Assembl\u00e9e nationale.<\/p>\n\n\n\n<p>Il fut directeur du coll\u00e8ge Court de Conakry (1960-1962), proviseur du lyc\u00e9e classique de Donka (1962-1963), Ma\u00eetre-assistant au d\u00e9partement des lettres modernes \u00e0 l&rsquo;Institut polytechnique (1963-1976). \u00c9galement, il dirigea la division des \u00e9ditions et publications \u00e0 l&rsquo;institut national de la recherche et de la documentation (1969-1976).<br>Grand commis de l&rsquo;\u00c9tat, Elhadj Sekou Mouk\u00e9 Yansane exer\u00e7a les fonctions de Gouverneur de Dabola (1980-1982) et Dinguiraye (1982-1984).<\/p>\n\n\n\n<p>Elhadj Sekou Mouk\u00e9 Yansane est connu pour \u00eatre un des fondateurs de CERCLE, un think tank regroupant des penseurs et intellectuels de toutes ob\u00e9diences. Il fit une brillante carri\u00e8re diplomatique, notamment ambassadeur en Chine, ONU, UNESCO, Alg\u00e9rie, entre autres.<\/p>\n\n\n\n<p>Aujourd&rsquo;hui PROFESSEUR EL HADJ S\u00c9KOU MOUK\u00c9 YANSAN\u00c9 repose en paix \u00e0 KALEYIR\u00c9 ( FOR\u00c9CARIAH) dans le jardin de sa grand-m\u00e8re depuis le 17 MARS 2017.<\/p>\n\n\n\n<p>Khalil Djafounouka Kaba<\/p>\n","protected":false},"excerpt":{"rendered":"<div class=\"mh-excerpt\"><p>Apr\u00e8s l\u2019ind\u00e9pendance de la Guin\u00e9e, proclam\u00e9e le 2 octobre 1958, la France retira brutalement la quasi-totalit\u00e9 de son personnel administratif et enseignant. Ce d\u00e9part massif <a class=\"mh-excerpt-more\" href=\"http:\/\/www.lefolan.com\/fr\/2025\/10\/20\/en-guinee-hommage-au-professeur-sekou-mouke-yansane-premier-guineen-agrege-de-grammaire\/\" title=\"EN GUIN\u00c9E : HOMMAGE AU PROFESSEUR SEKOU MOUK\u00c9 YANSANE, PREMIER GUIN\u00c9EN AGR\u00c9G\u00c9 DE GRAMMAIRE !\">[&#8230;]<\/a><\/p>\n<\/div>","protected":false},"author":1,"featured_media":0,"comment_status":"closed","ping_status":"open","sticky":false,"template":"","format":"standard","meta":[],"categories":[1],"tags":[],"_links":{"self":[{"href":"http:\/\/www.lefolan.com\/fr\/wp-json\/wp\/v2\/posts\/1440"}],"collection":[{"href":"http:\/\/www.lefolan.com\/fr\/wp-json\/wp\/v2\/posts"}],"about":[{"href":"http:\/\/www.lefolan.com\/fr\/wp-json\/wp\/v2\/types\/post"}],"author":[{"embeddable":true,"href":"http:\/\/www.lefolan.com\/fr\/wp-json\/wp\/v2\/users\/1"}],"replies":[{"embeddable":true,"href":"http:\/\/www.lefolan.com\/fr\/wp-json\/wp\/v2\/comments?post=1440"}],"version-history":[{"count":1,"href":"http:\/\/www.lefolan.com\/fr\/wp-json\/wp\/v2\/posts\/1440\/revisions"}],"predecessor-version":[{"id":1441,"href":"http:\/\/www.lefolan.com\/fr\/wp-json\/wp\/v2\/posts\/1440\/revisions\/1441"}],"wp:attachment":[{"href":"http:\/\/www.lefolan.com\/fr\/wp-json\/wp\/v2\/media?parent=1440"}],"wp:term":[{"taxonomy":"category","embeddable":true,"href":"http:\/\/www.lefolan.com\/fr\/wp-json\/wp\/v2\/categories?post=1440"},{"taxonomy":"post_tag","embeddable":true,"href":"http:\/\/www.lefolan.com\/fr\/wp-json\/wp\/v2\/tags?post=1440"}],"curies":[{"name":"wp","href":"https:\/\/api.w.org\/{rel}","templated":true}]}}