{"id":1521,"date":"2026-01-03T14:40:28","date_gmt":"2026-01-03T13:40:28","guid":{"rendered":"http:\/\/www.lefolan.com\/fr\/?p=1521"},"modified":"2026-01-03T14:40:28","modified_gmt":"2026-01-03T13:40:28","slug":"en-guinee-pour-cheick-ahmed-traore-le-temps-de-la-retraite-republicaine-a-sonne-pour-lancien-president-de-la-republique-alpha-conde","status":"publish","type":"post","link":"http:\/\/www.lefolan.com\/fr\/2026\/01\/03\/en-guinee-pour-cheick-ahmed-traore-le-temps-de-la-retraite-republicaine-a-sonne-pour-lancien-president-de-la-republique-alpha-conde\/","title":{"rendered":"EN GUIN\u00c9E : POUR CHEICK AHMED TRAOR\u00c9, LE TEMPS DE LA RETRAITE R\u00c9PUBLICAINE A SONN\u00c9 POUR L&rsquo;ANCIEN PR\u00c9SIDENT DE LA R\u00c9PUBLIQUE ALPHA COND\u00c9"},"content":{"rendered":"\n<p>Le discours attribu\u00e9 \u00e0 Alpha Cond\u00e9 se veut solennel, compatissant et rassembleur. Mais derri\u00e8re la rh\u00e9torique lyrique du \u00ab p\u00e8re de la nation \u00bb se cache une r\u00e9alit\u00e9 que le peuple de Guin\u00e9e n\u2019ignore plus : ce discours est celui d\u2019un ancien chef d\u2019\u00c9tat qui refuse d\u2019assumer la fin de son cycle historique.<\/p>\n\n\n\n<p>La Guin\u00e9e n\u2019est pas en qu\u00eate d\u2019un pass\u00e9 ressuscit\u00e9, encore moins d\u2019un homme qui, apr\u00e8s onze ann\u00e9es de pouvoir, cherche \u00e0 se r\u00e9inventer en opposant vertueux aux d\u00e9rives qu\u2019il a lui-m\u00eame institutionnalis\u00e9es.<\/p>\n\n\n\n<ol><li>La retraite n\u2019est pas une humiliation, c\u2019est un honneur<\/li><\/ol>\n\n\n\n<p>Dans toutes les grandes d\u00e9mocraties, les anciens chefs d\u2019\u00c9tat savent quitter la sc\u00e8ne avec dignit\u00e9, transmettre la m\u00e9moire, conseiller, \u00e9crire, et laisser les nouvelles g\u00e9n\u00e9rations porter l\u2019avenir.<br>Alpha Cond\u00e9, aujourd\u2019hui, doit faire valoir ses droits \u00e0 la retraite politique, non comme une d\u00e9faite, mais comme l\u2019ultime acte de responsabilit\u00e9 envers la nation.<\/p>\n\n\n\n<p>S\u2019accrocher \u00e0 l\u2019illusion d\u2019un retour au pouvoir, apr\u00e8s avoir \u00e9t\u00e9 renvers\u00e9 par une arm\u00e9e qu\u2019il avait lui-m\u00eame fa\u00e7onn\u00e9e, rel\u00e8ve plus du d\u00e9ni que du leadership.<\/p>\n\n\n\n<ol start=\"2\"><li>L\u2019amn\u00e9sie politique ne trompe plus personne<\/li><\/ol>\n\n\n\n<p>Pr\u00e9tendre aujourd\u2019hui incarner la d\u00e9mocratie, la justice sociale et la bonne gouvernance est un exercice p\u00e9rilleux lorsque l\u2019on a :<br>\u2022 instaur\u00e9 un troisi\u00e8me mandat contre la Constitution,<br>\u2022 gouvern\u00e9 par la r\u00e9pression des manifestations,<br>\u2022 laiss\u00e9 derri\u00e8re soi des bilans humains lourds,<br>\u2022 affaibli durablement la confiance entre l\u2019\u00c9tat et les citoyens.<\/p>\n\n\n\n<p>Le peuple de Guin\u00e9e n\u2019a pas oubli\u00e9. On ne peut pas demander au pays de pleurer sur des blessures que l\u2019on a soi-m\u00eame inflig\u00e9es.<\/p>\n\n\n\n<ol start=\"3\"><li>La contradiction morale du discours<\/li><\/ol>\n\n\n\n<p>Il est politiquement incoh\u00e9rent de :<br>\u2022 d\u00e9noncer l\u2019arbitraire apr\u00e8s avoir banalis\u00e9 l\u2019arrestation d\u2019opposants,<br>\u2022 invoquer la peur comme instrument de gouvernance apr\u00e8s avoir gouvern\u00e9 par la peur,<br>\u2022 appeler l\u2019arm\u00e9e \u00e0 un sursaut r\u00e9publicain apr\u00e8s l\u2019avoir instrumentalis\u00e9e \u00e0 des fins personnelles.<\/p>\n\n\n\n<p>Cette posture n\u2019est pas celle d\u2019un sage, mais celle d\u2019un homme en conflit avec sa propre histoire.<\/p>\n\n\n\n<ol start=\"4\"><li>La Guin\u00e9e n\u2019a pas besoin d\u2019un retour en arri\u00e8re<\/li><\/ol>\n\n\n\n<p>La jeunesse guin\u00e9enne aspire \u00e0 :<br>\u2022 des institutions fortes,<br>\u2022 une alternance pacifi\u00e9e,<br>\u2022 des dirigeants responsables,<br>\u2022 une m\u00e9moire assum\u00e9e mais non envahissante.<\/p>\n\n\n\n<p>La Guin\u00e9e n\u2019a pas besoin d\u2019un \u00e9ternel recommencement, encore moins d\u2019une revanche politique personnelle travestie en combat patriotique.<\/p>\n\n\n\n<p>Conclusion : le dernier service \u00e0 rendre \u00e0 la Nation<\/p>\n\n\n\n<p>Le plus grand service qu\u2019Alpha Cond\u00e9 puisse aujourd\u2019hui rendre \u00e0 la Guin\u00e9e est simple, mais essentiel :<\/p>\n\n\n\n<ul><li>accepter la fin de son parcours politique,<\/li><li>renoncer publiquement \u00e0 tout projet de retour au pouvoir,<\/li><li>entrer dans l\u2019Histoire comme un ancien pr\u00e9sident, non comme un facteur de crispation permanente.<\/li><\/ul>\n\n\n\n<p>La retraite politique, lorsqu\u2019elle est assum\u00e9e, honore l\u2019homme et apaise la nation.<br>Le reste n\u2019est que bruit, nostalgie et illusion.<\/p>\n\n\n\n<p>La Guin\u00e9e m\u00e9rite mieux qu\u2019un pass\u00e9 qui refuse de passer.<\/p>\n\n\n\n<p>Que Dieu prot\u00e8ge la Guin\u00e9e et b\u00e9nisse les Guin\u00e9ens.<\/p>\n\n\n\n<p>Honorable Cheick Tidiane Traor\u00e9<br>Pr\u00e9sident Esprit GMD<\/p>\n","protected":false},"excerpt":{"rendered":"<div class=\"mh-excerpt\"><p>Le discours attribu\u00e9 \u00e0 Alpha Cond\u00e9 se veut solennel, compatissant et rassembleur. Mais derri\u00e8re la rh\u00e9torique lyrique du \u00ab p\u00e8re de la nation \u00bb se <a class=\"mh-excerpt-more\" href=\"http:\/\/www.lefolan.com\/fr\/2026\/01\/03\/en-guinee-pour-cheick-ahmed-traore-le-temps-de-la-retraite-republicaine-a-sonne-pour-lancien-president-de-la-republique-alpha-conde\/\" title=\"EN GUIN\u00c9E : POUR CHEICK AHMED TRAOR\u00c9, LE TEMPS DE LA RETRAITE R\u00c9PUBLICAINE A SONN\u00c9 POUR L&rsquo;ANCIEN PR\u00c9SIDENT DE LA R\u00c9PUBLIQUE ALPHA COND\u00c9\">[&#8230;]<\/a><\/p>\n<\/div>","protected":false},"author":2,"featured_media":0,"comment_status":"closed","ping_status":"open","sticky":false,"template":"","format":"standard","meta":[],"categories":[1],"tags":[],"_links":{"self":[{"href":"http:\/\/www.lefolan.com\/fr\/wp-json\/wp\/v2\/posts\/1521"}],"collection":[{"href":"http:\/\/www.lefolan.com\/fr\/wp-json\/wp\/v2\/posts"}],"about":[{"href":"http:\/\/www.lefolan.com\/fr\/wp-json\/wp\/v2\/types\/post"}],"author":[{"embeddable":true,"href":"http:\/\/www.lefolan.com\/fr\/wp-json\/wp\/v2\/users\/2"}],"replies":[{"embeddable":true,"href":"http:\/\/www.lefolan.com\/fr\/wp-json\/wp\/v2\/comments?post=1521"}],"version-history":[{"count":1,"href":"http:\/\/www.lefolan.com\/fr\/wp-json\/wp\/v2\/posts\/1521\/revisions"}],"predecessor-version":[{"id":1522,"href":"http:\/\/www.lefolan.com\/fr\/wp-json\/wp\/v2\/posts\/1521\/revisions\/1522"}],"wp:attachment":[{"href":"http:\/\/www.lefolan.com\/fr\/wp-json\/wp\/v2\/media?parent=1521"}],"wp:term":[{"taxonomy":"category","embeddable":true,"href":"http:\/\/www.lefolan.com\/fr\/wp-json\/wp\/v2\/categories?post=1521"},{"taxonomy":"post_tag","embeddable":true,"href":"http:\/\/www.lefolan.com\/fr\/wp-json\/wp\/v2\/tags?post=1521"}],"curies":[{"name":"wp","href":"https:\/\/api.w.org\/{rel}","templated":true}]}}