{"id":1533,"date":"2026-01-24T12:18:57","date_gmt":"2026-01-24T11:18:57","guid":{"rendered":"http:\/\/www.lefolan.com\/fr\/?p=1533"},"modified":"2026-01-24T12:20:56","modified_gmt":"2026-01-24T11:20:56","slug":"en-guinee-consecration-dune-diplomatie-dinfluence","status":"publish","type":"post","link":"http:\/\/www.lefolan.com\/fr\/2026\/01\/24\/en-guinee-consecration-dune-diplomatie-dinfluence\/","title":{"rendered":"EN GUIN\u00c9E : LA CONS\u00c9CRATION D&rsquo;UNE DIPLOMATIE D&rsquo;INFLUENCE"},"content":{"rendered":"\n<p>\ud835\udc0b\ud835\udc00 \ud835\udc06\ud835\udc14\ud835\udc08\ud835\udc0d\u00c9\ud835\udc04 \u00c9\ud835\udc0b\ud835\udc14\ud835\udc04  \u00c0 \ud835\udc0b\ud835\udc00 \ud835\udc0f\ud835\udc11\u00c9\ud835\udc12\ud835\udc08\ud835\udc03\ud835\udc04\ud835\udc0d\ud835\udc02\ud835\udc04 \ud835\udc03\ud835\udc14 \ud835\udc06\ud835\udc11\ud835\udc0e\ud835\udc14\ud835\udc0f\ud835\udc04 \ud835\udc00\ud835\udc05\ud835\udc11\ud835\udc08\ud835\udc10\ud835\udc14\ud835\udc04 A \ud835\udc0b\u2019\ud835\udc14\ud835\udc0d\ud835\udc04\ud835\udc12\ud835\udc02\ud835\udc0e :<\/p>\n\n\n\n<p>\ud835\udc02\ud835\udc0e\ud835\udc0d\ud835\udc12\u00c9\ud835\udc02\ud835\udc11\ud835\udc00\ud835\udc13\ud835\udc08\ud835\udc0e\ud835\udc0d \ud835\udc03\u2019\ud835\udc14\ud835\udc0d\ud835\udc04 \ud835\udc03\ud835\udc08\ud835\udc0f\ud835\udc0b\ud835\udc0e\ud835\udc0c\ud835\udc00\ud835\udc13\ud835\udc08\ud835\udc04 \ud835\udc03\u2019\ud835\udc08\ud835\udc0d\ud835\udc05\ud835\udc0b\ud835\udc14\ud835\udc04\ud835\udc0d\ud835\udc02\ud835\udc04**<\/p>\n\n\n\n<p>Aujourd\u2019hui est un grand jour pour la R\u00e9publique de Guin\u00e9e.<br>\u00c0 travers sa Mission permanente aupr\u00e8s de l\u2019UNESCO, conduite par \ud835\udc12\ud835\udc28\ud835\udc27 \ud835\udc04\ud835\udc31\ud835\udc1c\ud835\udc1e\ud835\udc25\ud835\udc25\ud835\udc1e\ud835\udc27\ud835\udc1c\ud835\udc1e \ud835\udc0c\ud835\udc28\ud835\udc27\ud835\udc2c\ud835\udc22\ud835\udc1e\ud835\udc2e\ud835\udc2b \ud835\udc12\ud835\udc1e\ud835\udc27\ud835\udc24\ud835\udc28\ud835\udc2e\ud835\udc27 \ud835\udc12\ud835\udc18\ud835\udc0b\ud835\udc0b\ud835\udc00, sous la haute orientation et l\u2019impulsion strat\u00e9gique de \ud835\udc12\ud835\udc28\ud835\udc27 \ud835\udc04\ud835\udc31\ud835\udc1c\ud835\udc1e\ud835\udc25\ud835\udc25\ud835\udc1e\ud835\udc27\ud835\udc1c\ud835\udc1e \ud835\udc0c\ud835\udc28\ud835\udc27\ud835\udc2c\ud835\udc22\ud835\udc1e\ud835\udc2e\ud835\udc2b \ud835\udc25\ud835\udc1e \ud835\udc0c\ud835\udc22\ud835\udc27\ud835\udc22\ud835\udc2c\ud835\udc2d\ud835\udc2b\ud835\udc1e \ud835\udc1d\ud835\udc1e\ud835\udc2c \ud835\udc00\ud835\udc1f\ud835\udc1f\ud835\udc1a\ud835\udc22\ud835\udc2b\ud835\udc1e\ud835\udc2c \ud835\udc1e\ud835\udc2d\ud835\udc2b\ud835\udc1a\ud835\udc27\ud835\udc20\ud835\udc1e\u0300\ud835\udc2b\ud835\udc1e\ud835\udc2c, \ud835\udc03\ud835\udc2b \ud835\udc0c\ud835\udc28\ud835\udc2b\ud835\udc22\ud835\udc2c\ud835\udc2c\ud835\udc1a\ud835\udc27\ud835\udc1d\ud835\udc1a\ud835\udc27 \ud835\udc0a\ud835\udc0e\ud835\udc14\ud835\udc18\ud835\udc00\ud835\udc13\ud835\udc04\u0301, notre pays a \u00e9t\u00e9 officiellement install\u00e9, ce 23 janvier 2026, dans ses fonctions de Pr\u00e9sidente du Groupe Afrique pour le mandat 2026\u20132027, succ\u00e9dant \u00e0 Son Excellence l\u2019Ambassadeur de la R\u00e9publique d\u2019Afrique du Sud.<\/p>\n\n\n\n<p>Cette pr\u00e9sidence, qu\u2019occupe la Guin\u00e9e pour la premi\u00e8re fois de son histoire, est l\u2019aboutissement d\u2019une offensive diplomatique m\u00e9thodique port\u00e9e par Son Excellence Monsieur Senkoun SYLLA, s\u2019inscrivant dans la dynamique impuls\u00e9e par la diplomatie guin\u00e9enne sous le leadership \u00e9clair\u00e9 du Ministre des Affaires \u00e9trang\u00e8res, le Dr Morissandan KOUYAT\u00c9, et traduisant avec efficacit\u00e9 la vision de \ud835\udc12\ud835\udc28\ud835\udc27 \ud835\udc04\ud835\udc31\ud835\udc1c\ud835\udc1e\ud835\udc25\ud835\udc25\ud835\udc1e\ud835\udc27\ud835\udc1c\ud835\udc1e \ud835\udc0c\ud835\udc28\ud835\udc27\ud835\udc2c\ud835\udc22\ud835\udc1e\ud835\udc2e\ud835\udc2b \ud835\udc25\ud835\udc1e \ud835\udc0f\ud835\udc2b\ud835\udc1e\u0301\ud835\udc2c\ud835\udc22\ud835\udc1d\ud835\udc1e\ud835\udc27\ud835\udc2d \ud835\udc1d\ud835\udc1e \ud835\udc25\ud835\udc1a \ud835\udc11\ud835\udc1e\u0301\ud835\udc29\ud835\udc2e\ud835\udc1b\ud835\udc25\ud835\udc22\ud835\udc2a\ud835\udc2e\ud835\udc1e, \ud835\udc0c\ud835\udc1a\ud835\udc26\ud835\udc1a\ud835\udc1d\ud835\udc22 \ud835\udc03\ud835\udc28\ud835\udc2e\ud835\udc26\ud835\udc1b\ud835\udc28\ud835\udc2e\ud835\udc32\ud835\udc1a, en faveur d\u2019une Guin\u00e9e affirmant pleinement son influence, sa cr\u00e9dibilit\u00e9 et sa capacit\u00e9 d\u2019initiative au sein des grandes instances internationales.<\/p>\n\n\n\n<p>Au-del\u00e0 de sa port\u00e9e symbolique, ce mandat conf\u00e8re \u00e0 la Guin\u00e9e une responsabilit\u00e9 strat\u00e9gique majeure : porter la voix de l\u2019Afrique au sein de l\u2019UNESCO, contribuer \u00e0 l\u2019orientation des priorit\u00e9s continentales, renforcer les dynamiques de coop\u00e9ration Sud-Sud et consolider sa position comme acteur moteur du dialogue multilat\u00e9ral. Il constitue \u00e9galement un levier d\u00e9terminant d\u2019influence diplomatique, de visibilit\u00e9 internationale et de leadership politique pour notre pays, conform\u00e9ment \u00e0 la vision de repositionnement strat\u00e9gique port\u00e9e par le d\u00e9partement des Affaires \u00e9trang\u00e8res.<\/p>\n\n\n\n<p>Cet \u00e9v\u00e9nement marque ainsi une \u00e9tape d\u00e9cisive dans le rayonnement diplomatique de la Guin\u00e9e et confirme sa mont\u00e9e en puissance comme acteur respect\u00e9 et cr\u00e9dible du multilat\u00e9ralisme africain et international.<\/p>\n\n\n\n<p><\/p>\n\n\n\n<p>SOURCE: SON EXCELLENCE S\u00c9NKOUN SYLLA AMBASSADEUR DE LA GUIN\u00c9E EN FRANCE<\/p>\n","protected":false},"excerpt":{"rendered":"<div class=\"mh-excerpt\"><p>\ud835\udc0b\ud835\udc00 \ud835\udc06\ud835\udc14\ud835\udc08\ud835\udc0d\u00c9\ud835\udc04 \u00c9\ud835\udc0b\ud835\udc14\ud835\udc04 \u00c0 \ud835\udc0b\ud835\udc00 \ud835\udc0f\ud835\udc11\u00c9\ud835\udc12\ud835\udc08\ud835\udc03\ud835\udc04\ud835\udc0d\ud835\udc02\ud835\udc04 \ud835\udc03\ud835\udc14 \ud835\udc06\ud835\udc11\ud835\udc0e\ud835\udc14\ud835\udc0f\ud835\udc04 \ud835\udc00\ud835\udc05\ud835\udc11\ud835\udc08\ud835\udc10\ud835\udc14\ud835\udc04 A \ud835\udc0b\u2019\ud835\udc14\ud835\udc0d\ud835\udc04\ud835\udc12\ud835\udc02\ud835\udc0e : \ud835\udc02\ud835\udc0e\ud835\udc0d\ud835\udc12\u00c9\ud835\udc02\ud835\udc11\ud835\udc00\ud835\udc13\ud835\udc08\ud835\udc0e\ud835\udc0d \ud835\udc03\u2019\ud835\udc14\ud835\udc0d\ud835\udc04 \ud835\udc03\ud835\udc08\ud835\udc0f\ud835\udc0b\ud835\udc0e\ud835\udc0c\ud835\udc00\ud835\udc13\ud835\udc08\ud835\udc04 \ud835\udc03\u2019\ud835\udc08\ud835\udc0d\ud835\udc05\ud835\udc0b\ud835\udc14\ud835\udc04\ud835\udc0d\ud835\udc02\ud835\udc04** Aujourd\u2019hui est un grand jour pour la R\u00e9publique de <a class=\"mh-excerpt-more\" href=\"http:\/\/www.lefolan.com\/fr\/2026\/01\/24\/en-guinee-consecration-dune-diplomatie-dinfluence\/\" title=\"EN GUIN\u00c9E : LA CONS\u00c9CRATION D&rsquo;UNE DIPLOMATIE D&rsquo;INFLUENCE\">[&#8230;]<\/a><\/p>\n<\/div>","protected":false},"author":2,"featured_media":0,"comment_status":"closed","ping_status":"open","sticky":false,"template":"","format":"standard","meta":[],"categories":[1],"tags":[],"_links":{"self":[{"href":"http:\/\/www.lefolan.com\/fr\/wp-json\/wp\/v2\/posts\/1533"}],"collection":[{"href":"http:\/\/www.lefolan.com\/fr\/wp-json\/wp\/v2\/posts"}],"about":[{"href":"http:\/\/www.lefolan.com\/fr\/wp-json\/wp\/v2\/types\/post"}],"author":[{"embeddable":true,"href":"http:\/\/www.lefolan.com\/fr\/wp-json\/wp\/v2\/users\/2"}],"replies":[{"embeddable":true,"href":"http:\/\/www.lefolan.com\/fr\/wp-json\/wp\/v2\/comments?post=1533"}],"version-history":[{"count":3,"href":"http:\/\/www.lefolan.com\/fr\/wp-json\/wp\/v2\/posts\/1533\/revisions"}],"predecessor-version":[{"id":1537,"href":"http:\/\/www.lefolan.com\/fr\/wp-json\/wp\/v2\/posts\/1533\/revisions\/1537"}],"wp:attachment":[{"href":"http:\/\/www.lefolan.com\/fr\/wp-json\/wp\/v2\/media?parent=1533"}],"wp:term":[{"taxonomy":"category","embeddable":true,"href":"http:\/\/www.lefolan.com\/fr\/wp-json\/wp\/v2\/categories?post=1533"},{"taxonomy":"post_tag","embeddable":true,"href":"http:\/\/www.lefolan.com\/fr\/wp-json\/wp\/v2\/tags?post=1533"}],"curies":[{"name":"wp","href":"https:\/\/api.w.org\/{rel}","templated":true}]}}