{"id":255,"date":"2019-06-10T22:24:54","date_gmt":"2019-06-10T20:24:54","guid":{"rendered":"http:\/\/www.lefolan.com\/fr\/?p=255"},"modified":"2019-06-18T15:06:14","modified_gmt":"2019-06-18T13:06:14","slug":"louverture-de-la-2eme-session-ordinaire-de-linidh-alya-diaby-se-prononce-sur-la-nouvelle-constitution-la-constitution-nest-pas-une-tombe-ou-repose-a-jamais-letat","status":"publish","type":"post","link":"http:\/\/www.lefolan.com\/fr\/2019\/06\/10\/louverture-de-la-2eme-session-ordinaire-de-linidh-alya-diaby-se-prononce-sur-la-nouvelle-constitution-la-constitution-nest-pas-une-tombe-ou-repose-a-jamais-letat\/","title":{"rendered":"L&rsquo;ouverture de la 2\u00e8me session ordinaire de l&rsquo;INIDH: Alya Diaby se prononce sur la nouvelle constitution,\u00a0 \u00abla constitution n&rsquo;est pas une tombe o\u00f9 repose \u00e0 jamais l\u2019\u00c9tat.\u00a0"},"content":{"rendered":"\n<p>\nLes\ntravaux de la 2\u00e8me session ordinaire de l&rsquo;Assembl\u00e9e g\u00e9n\u00e9rale de\nl&rsquo;Institution Nationale Ind\u00e9pendante des Droits Humains (INIDH)ont\n\u00e9t\u00e9 ouverts lundi 10 juin 2019 au palais du peuple de Conakry.\nCette c\u00e9r\u00e9monie a connu la pr\u00e9sence de la pr\u00e9sidente du Conseil\n\u00c9conomique et Social, Hadja Rabiatou Sira Diallo, du Ministre de\nl&rsquo;Unit\u00e9 Nationale et de la Citoyennet\u00e9, Mamadou Taran Diallo et de\nplusieurs invit\u00e9s.<\/p>\n\n\n\n<!--more-->\n\n\n\n<p><\/p>\n\n\n\n<p><\/p>\n\n\n\n<p>\nDans\nson discours de circonstance&nbsp; Mohamed Lamine Fofana, Ministre\nConseill\u00e9 \u00e0 la pr\u00e9sidence charg\u00e9 des relations avec les\nInstitutions R\u00e9publicaines appelle l&rsquo;INIDH \u00e0 la vigilance au moment\no\u00f9 le d\u00e9bat&nbsp; autour d&rsquo;une nouvelle constitution fait rage en\nGuin\u00e9e.<\/p>\n\n\n\n<p>\n\u00abNotre\npays traverse depuis un certain temps une p\u00e9riode d&rsquo;agitation\ncaract\u00e9ris\u00e9e par des divergences sur la question de la modification\nou r\u00e9vision de la constitution et au sujet de l&rsquo;adoption d&rsquo;une\nnouvelle constitution, ce qui n&rsquo;est pas seulement une question\npolitique. Les droits de l&rsquo;homme sont \u00e9galement en jeu. S&rsquo;agissant\nde la mission que la constitution vous a confi\u00e9 votre institution\ndoit \u00eatre vigilante et rester fid\u00e8le \u00e0 sa mission, celle de\npromouvoir et prot\u00e9ger les droits de l&rsquo;homme. De pr\u00f4ner la retenue\n, de privil\u00e9gier le dialogue en lieu et place de toutes formes de\nviolence verbale ou physique et surtout inviter au respect de la\nlibert\u00e9 de chacun. Savoir que, l\u00e0 o\u00f9 s&rsquo;arr\u00eate votre libert\u00e9,\nc&rsquo;est \u00e0 cet endroit o\u00f9 commence celle des autres. Elle doit\ninstamment pr\u00f4ner la paix et la coh\u00e9sion nationale\u00bb a dit -il .<\/p>\n\n\n\n<p>\nAbordant\ndans le sens, le pr\u00e9sident de l&rsquo;INIDH, Alya Diaby a d\u00e9clar\u00e9 que la\ndeuxi\u00e8me session de L&rsquo;INIDH s&rsquo;ouvre dans un contexte de tiraillement\nautour de la refondation du pacte social r\u00e9publicain.<\/p>\n\n\n\n<p>\n\u00abC&rsquo;est\nen effet les droits de participation, la libert\u00e9 d&rsquo;expression, la\nlibert\u00e9 d&rsquo;opinion qui sont en cause. Jamais en effet la constitution\ndans sa double dimension, de constitution politique et de\nconstitution sociale n&rsquo;a \u00e9t\u00e9 aussi scrut\u00e9e agit\u00e9e. Si le d\u00e9bat\nest celui des  d&rsquo;id\u00e9es, il y aurait moins de risque. Mais nous\ncraignons que la violence ne s&rsquo;invite dans le d\u00e9bat auquel cas, les\ndroits de l&rsquo;homme seront affect\u00e9s. L&rsquo;INIDH en tant que t\u00e9moin\ninstitutionnel en appelle au respect des droits de tous et de chacun\nainsi qu&rsquo;au respect de nos valeurs communes parmi lesquelles figure\nla tol\u00e9rance dans le respect de nos diff\u00e9rences\u00bb a t- il indiqu\u00e9\n.<\/p>\n\n\n\n<p>\nSelon\nAlya Diaby , entre changer de constitution et changer la\nconstitution, il y a une diff\u00e9rence.\u00abDans le second cas, ce n&rsquo;est\npas dans la constitution qu&rsquo;on peut trouver la base d&rsquo;une nouvelle\nconstitution. Le fondement n&rsquo;est pas dans le droit constitutionnel de\npaix, mais dans le droit constitutionnel de crise. Il y a en effet\nles sympt\u00f4mes d&rsquo;une crise constitutionnelle sinon r\u00e9elle mais au\nmoins \u00e0 venir. Il y a des circonstances parmi lesquelles, il\nconvient de relever le conflit d&rsquo;interpr\u00e9tation des dispositions de\nla constitution actuelle entre les promoteurs de la nouvelle norme\nsup\u00e9rieure et ceux qui sont contre une r\u00e9forme des institutions. Il\ny a une divergence de vue entre les acteurs politiques sur le\ncaract\u00e8re consensuel de la constitution actuelle\u00bb a t-il martel\u00e9.<\/p>\n\n\n\n<p>\nPoursuivant,\nle pr\u00e9sident de l&rsquo;Institution Nationale Ind\u00e9pendante des Droits\nHumains dira que, la constitution n&rsquo;est pas une tombe o\u00f9 repose \u00e0\njamais un \u00c9tat. Ce n&rsquo;est pas une tente dress\u00e9e pour le sommeil.<\/p>\n\n\n\n<p>\n\u00abLes\nacteurs politiques doivent comprendre le risque d&rsquo;une dictature\nmartiale. Si les civils ne proc\u00e8dent pas par discernement pour\ns&rsquo;entendre sur l&rsquo;essentiel, dans ces conditions, le pr\u00e9sident de la\nr\u00e9publique devient le constituant originaire. Il peut proposer un\nnouveau pacte social qui soit durable.Ceci dit, la Guin\u00e9e doit\n\u00e9viter la pr\u00e9cipitation, l&rsquo;urgence et les tares consubstantielles \u00e0\nla constitution de 2010. Le r\u00e9f\u00e9rendum est donc possible. Le d\u00e9bats\ndevrait porter sur les conditions de son organisation, les garanties\nqu&rsquo;offre le scrutin. Le consensus sur le contenu du projet et les\nr\u00e8gles du jeu, l&rsquo;appropriation par le peuple des r\u00e9formes\nenvisag\u00e9es, les organes intervenants , de la dur\u00e9e du temps\nconstituant&#8230; Ce qui doit nous guider \u00e0 cet \u00e9gard. C&rsquo;est le\nconstitutionnalisme constitutionnel qui repose sur les proc\u00e9dures et\ndes m\u00e9canisme inclusif, consensuels, mesur\u00e9s et participatifs\u00bb a\nt-il soulign\u00e9.<\/p>\n\n\n\n<p>\nMamadouba\nCamara Journaliste<\/p>\n\n\n\n<p>\ndu\nSite www.lefolan.com<\/p>\n","protected":false},"excerpt":{"rendered":"<div class=\"mh-excerpt\"><p>Les travaux de la 2\u00e8me session ordinaire de l&rsquo;Assembl\u00e9e g\u00e9n\u00e9rale de l&rsquo;Institution Nationale Ind\u00e9pendante des Droits Humains (INIDH)ont \u00e9t\u00e9 ouverts lundi 10 juin 2019 au <a class=\"mh-excerpt-more\" href=\"http:\/\/www.lefolan.com\/fr\/2019\/06\/10\/louverture-de-la-2eme-session-ordinaire-de-linidh-alya-diaby-se-prononce-sur-la-nouvelle-constitution-la-constitution-nest-pas-une-tombe-ou-repose-a-jamais-letat\/\" title=\"L&rsquo;ouverture de la 2\u00e8me session ordinaire de l&rsquo;INIDH: Alya Diaby se prononce sur la nouvelle constitution,\u00a0 \u00abla constitution n&rsquo;est pas une tombe o\u00f9 repose \u00e0 jamais l\u2019\u00c9tat.\u00a0\">[&#8230;]<\/a><\/p>\n<\/div>","protected":false},"author":1,"featured_media":257,"comment_status":"closed","ping_status":"open","sticky":false,"template":"","format":"standard","meta":[],"categories":[3],"tags":[],"_links":{"self":[{"href":"http:\/\/www.lefolan.com\/fr\/wp-json\/wp\/v2\/posts\/255"}],"collection":[{"href":"http:\/\/www.lefolan.com\/fr\/wp-json\/wp\/v2\/posts"}],"about":[{"href":"http:\/\/www.lefolan.com\/fr\/wp-json\/wp\/v2\/types\/post"}],"author":[{"embeddable":true,"href":"http:\/\/www.lefolan.com\/fr\/wp-json\/wp\/v2\/users\/1"}],"replies":[{"embeddable":true,"href":"http:\/\/www.lefolan.com\/fr\/wp-json\/wp\/v2\/comments?post=255"}],"version-history":[{"count":4,"href":"http:\/\/www.lefolan.com\/fr\/wp-json\/wp\/v2\/posts\/255\/revisions"}],"predecessor-version":[{"id":269,"href":"http:\/\/www.lefolan.com\/fr\/wp-json\/wp\/v2\/posts\/255\/revisions\/269"}],"wp:featuredmedia":[{"embeddable":true,"href":"http:\/\/www.lefolan.com\/fr\/wp-json\/wp\/v2\/media\/257"}],"wp:attachment":[{"href":"http:\/\/www.lefolan.com\/fr\/wp-json\/wp\/v2\/media?parent=255"}],"wp:term":[{"taxonomy":"category","embeddable":true,"href":"http:\/\/www.lefolan.com\/fr\/wp-json\/wp\/v2\/categories?post=255"},{"taxonomy":"post_tag","embeddable":true,"href":"http:\/\/www.lefolan.com\/fr\/wp-json\/wp\/v2\/tags?post=255"}],"curies":[{"name":"wp","href":"https:\/\/api.w.org\/{rel}","templated":true}]}}