{"id":323,"date":"2019-07-19T20:29:03","date_gmt":"2019-07-19T18:29:03","guid":{"rendered":"http:\/\/www.lefolan.com\/fr\/?p=323"},"modified":"2019-07-19T20:29:04","modified_gmt":"2019-07-19T18:29:04","slug":"almamy-sekou-soumah-co-fondateur-du-mouvement-gpt-renouveau-sexprime-sur-la-nouvelle-aventure-politique-de-bah-oury","status":"publish","type":"post","link":"http:\/\/www.lefolan.com\/fr\/2019\/07\/19\/almamy-sekou-soumah-co-fondateur-du-mouvement-gpt-renouveau-sexprime-sur-la-nouvelle-aventure-politique-de-bah-oury\/","title":{"rendered":"Almamy S\u00e9kou SOUMAH, Co-fondateur du mouvement GPT RENOUVEAU,  s\u2019exprime sur la nouvelle aventure politique de BAH OURY"},"content":{"rendered":"\n<p>Mes chers compatriotes, je veux aujourd\u2019hui, saluer la d\u00e9cision historique de Monsieur BAH Oury, Co-fondateur du principal parti d\u2019opposition Guin\u00e9enne, Ancien Premier Vice-Pr\u00e9sident de l\u2019UFDG et Ancien Ministre de la R\u00e9conciliation Nationale. En effet, nulle n\u2019ignore aujourd\u2019hui que BAH Oury \u0153uvre pour la construction d\u00e9mocratique de notre pays depuis l\u2019av\u00e8nement du multipartisme int\u00e9gral en Guin\u00e9e. Durant les cinq derni\u00e8res ann\u00e9es, il s\u2019est investi avec courage et d\u00e9termination en faveur d\u2019une alternance politique au sommet du parti qu\u2019il a fond\u00e9 il y a environ 30 ans.  Apr\u00e8s quatre longues ann\u00e9es de proc\u00e8s dans les juridictions de Conakry et malgr\u00e9 la d\u00e9cision du tribunal en sa faveur, BAH Oury a pris l\u2019initiative de tendre une main franche au leader du principal parti d\u2019opposition pour tenter de reconstruire l\u2019UFDG et garantir les possibilit\u00e9s d\u2019une alternance d\u00e9mocratique en Guin\u00e9e dans le cadre des prochaines consultations \u00e9lectorales (l\u00e9gislatives et pr\u00e9sidentielle). Contre toute attente, Cellou Dalein DIALLO a rejet\u00e9 publiquement la main tendue de son ancien premier vice-pr\u00e9sident \u00e0 l\u2019occasion d\u2019une interview r\u00e9alis\u00e9e dans le cadre de sa tourn\u00e9e en cours aux Etats Unis.  BAH Oury a donc d\u00e9cid\u00e9 en toute responsabilit\u00e9 de fermer d\u00e9finitivement la page UFDG. Cette nouvelle page qui s\u2019ouvre aujourd\u2019hui pour l\u2019ancien ministre de la r\u00e9conciliation nationale inspire plus d\u2019un Guin\u00e9en sur le caract\u00e8re noble et r\u00e9publicain de la d\u00e9marche politique du fondateur de l\u2019UFDG. Des difficult\u00e9s structurelles ont affaibli depuis trop longtemps l\u2019UFDG qu\u2019il a fond\u00e9. Aucun Guin\u00e9en ne m\u00e9conna\u00eet aujourd\u2019hui cette r\u00e9alit\u00e9, ni les difficult\u00e9s politiques, ni les fractures sociales, ni les relations humaines, ni m\u00eame l\u2019affaiblissement moral du pays. C\u2019est \u00e0 ce titre que je veux maintenant adresser un salut r\u00e9publicain \u00e0 Monsieur BAH Oury. Dans son propre camp, il a eu l\u2019audace d\u2019apaiser les peurs, de nous faire renouer avec l\u2019optimisme et de retrouver l\u2019esprit de conqu\u00eate en toute ind\u00e9pendance. Sa responsabilit\u00e9 doit d\u00e9sormais \u00eatre de rassembler toutes les femmes et tous les hommes qui croient en la noblesse de son combat pour affronter les d\u00e9fis gigantesques qui nous interpellent. De ce point de vue, Il doit se battre de toutes ses forces contre la division ethno strat\u00e9gique qui mine et abat la soci\u00e9t\u00e9 Guin\u00e9enne. C\u2019est pourquoi, je l\u2019invite \u00e0 continuer comme il l\u2019a toujours fait, et avec humilit\u00e9, avec d\u00e9vouement, avec d\u00e9termination, \u00e0 servir la Guin\u00e9e, rien que la Guin\u00e9e en s\u2019inscrivant cette fois dans une logique de refondation de la vie politique Guin\u00e9enne pour favoriser une vraie alternative au-del\u00e0 de l\u2019alternance du pouvoir.  Je sais la col\u00e8re, l\u2019anxi\u00e9t\u00e9, les doutes qu\u2019une grande partie des militants de l\u2019UFDG ont aussi exprim\u00e9s ces derni\u00e8res ann\u00e9es. Il revient maintenant \u00e0 Monsieur BAH Oury de prendre de la hauteur conform\u00e9ment \u00e0 sa d\u00e9cision historique pour mieux rassurer les Guin\u00e9ens, les entendre, en prenant la promesse de prot\u00e9ger les plus fragiles, en organisant mieux les solidarit\u00e9s, en luttant contre toutes les formes d\u2019in\u00e9galit\u00e9 ou de discrimination, en assurant de mani\u00e8re implacable et continue l\u2019espoir d\u2019une d\u00e9mocratie r\u00e9elle au sein des formations politiques de notre pays, en garantissant l\u2019unit\u00e9 de la nation dans ces diff\u00e9rentes prises de positions, bref, en tirant toutes les le\u00e7ons de son parcours politique pour refonder l\u2019espoir chez la majorit\u00e9 des Guin\u00e9ens. Nous avons des devoirs envers notre pays. Car, nous sommes h\u00e9ritiers d\u2019une grande histoire politique et BAH Oury a directement connu les r\u00e9gimes successifs qui ont marqu\u00e9 notre histoire commune depuis notre accession \u00e0 l\u2019ind\u00e9pendance. Il se doit maintenant de d\u00e9fendre la Guin\u00e9e, ses int\u00e9r\u00eats vitaux, son image et prendre l\u2019engagement devant le peuple qu\u2019il vient de rassurer pour se d\u00e9marquer des attitudes traditionnelles et se mettre du bon c\u00f4t\u00e9 de notre histoire commune.  Il doit \u00e9galement \u0153uvrer \u00e0 retisser le lien entre la Guin\u00e9e et ses citoyens pour adresser dans un futur proche aux nations d\u2019Afrique et du monde le salut fraternel de la Guin\u00e9e des quatre r\u00e9gions fortes et solidaires.  Mes chers compatriotes, cette nouvelle aventure politique de BAH Oury, je veux que ce soit celle de l\u2019espoir et de la confiance retrouv\u00e9e. La refondation de notre classe politique s\u2019impose d\u00e9sormais \u00e0 tous. La moralisation de notre vie publique, la reconnaissance du pluralisme des opinions, la vitalit\u00e9 d\u00e9mocratique doivent \u00eatre le socle de notre action commune. Personnellement, Je ne me laisserai arr\u00eater par aucun obstacle. J\u2019agirai avec d\u00e9termination et dans le respect de chacun. Car, je suis convaincu que par le travail, nous construirons un avenir meilleur. <\/p>\n\n\n\n<p>ALMAMY SOUMAH CO-FONDATEUR Du Mouvement GPT RENOUVEAU,<\/p>\n\n\n\n<figure class=\"wp-block-image\"><img alt=\"\"\/><\/figure>\n","protected":false},"excerpt":{"rendered":"<div class=\"mh-excerpt\"><p>Mes chers compatriotes, je veux aujourd\u2019hui, saluer la d\u00e9cision historique de Monsieur BAH Oury, Co-fondateur du principal parti d\u2019opposition Guin\u00e9enne, Ancien Premier Vice-Pr\u00e9sident de l\u2019UFDG <a class=\"mh-excerpt-more\" href=\"http:\/\/www.lefolan.com\/fr\/2019\/07\/19\/almamy-sekou-soumah-co-fondateur-du-mouvement-gpt-renouveau-sexprime-sur-la-nouvelle-aventure-politique-de-bah-oury\/\" title=\"Almamy S\u00e9kou SOUMAH, Co-fondateur du mouvement GPT RENOUVEAU,  s\u2019exprime sur la nouvelle aventure politique de BAH OURY\">[&#8230;]<\/a><\/p>\n<\/div>","protected":false},"author":1,"featured_media":262,"comment_status":"open","ping_status":"open","sticky":false,"template":"","format":"standard","meta":[],"categories":[1,3],"tags":[],"_links":{"self":[{"href":"http:\/\/www.lefolan.com\/fr\/wp-json\/wp\/v2\/posts\/323"}],"collection":[{"href":"http:\/\/www.lefolan.com\/fr\/wp-json\/wp\/v2\/posts"}],"about":[{"href":"http:\/\/www.lefolan.com\/fr\/wp-json\/wp\/v2\/types\/post"}],"author":[{"embeddable":true,"href":"http:\/\/www.lefolan.com\/fr\/wp-json\/wp\/v2\/users\/1"}],"replies":[{"embeddable":true,"href":"http:\/\/www.lefolan.com\/fr\/wp-json\/wp\/v2\/comments?post=323"}],"version-history":[{"count":2,"href":"http:\/\/www.lefolan.com\/fr\/wp-json\/wp\/v2\/posts\/323\/revisions"}],"predecessor-version":[{"id":325,"href":"http:\/\/www.lefolan.com\/fr\/wp-json\/wp\/v2\/posts\/323\/revisions\/325"}],"wp:featuredmedia":[{"embeddable":true,"href":"http:\/\/www.lefolan.com\/fr\/wp-json\/wp\/v2\/media\/262"}],"wp:attachment":[{"href":"http:\/\/www.lefolan.com\/fr\/wp-json\/wp\/v2\/media?parent=323"}],"wp:term":[{"taxonomy":"category","embeddable":true,"href":"http:\/\/www.lefolan.com\/fr\/wp-json\/wp\/v2\/categories?post=323"},{"taxonomy":"post_tag","embeddable":true,"href":"http:\/\/www.lefolan.com\/fr\/wp-json\/wp\/v2\/tags?post=323"}],"curies":[{"name":"wp","href":"https:\/\/api.w.org\/{rel}","templated":true}]}}