{"id":326,"date":"2019-07-20T18:55:03","date_gmt":"2019-07-20T16:55:03","guid":{"rendered":"http:\/\/www.lefolan.com\/fr\/?p=326"},"modified":"2019-07-20T19:10:23","modified_gmt":"2019-07-20T17:10:23","slug":"la-guinee-journee-mondiale-de-la-population-celebree-en-differee-en-guinee","status":"publish","type":"post","link":"http:\/\/www.lefolan.com\/fr\/2019\/07\/20\/la-guinee-journee-mondiale-de-la-population-celebree-en-differee-en-guinee\/","title":{"rendered":"LA GUIN\u00c9E: Journ\u00e9e mondiale de la population c\u00e9l\u00e9br\u00e9e en diff\u00e9r\u00e9e en Guin\u00e9e"},"content":{"rendered":"\n<figure class=\"wp-block-image\"><img alt=\"\"\/><\/figure>\n\n\n\n<p><\/p>\n\n\n\n<p>La R\u00e9publique de Guin\u00e9e \u00e0 l\u2019instar des pays du monde a c\u00e9l\u00e9br\u00e9 en diff\u00e9r\u00e9 ce vendredi 19 juillet 2019, la journ\u00e9e de la population sous  le th\u00e8me \u00ab 25ans apr\u00e8s la CIPD, acc\u00e9l\u00e9rer les promesses \u00bb. A cette occasion, le  gouvernement Guin\u00e9en \u00e0 travers le minist\u00e8re de Plan et du D\u00e9veloppement Economique, en partenariat avec le Fond des Nations Unies pour la Population a organis\u00e9 une grande c\u00e9r\u00e9monie pour la c\u00e9l\u00e9bration cette journ\u00e9e. Cette journ\u00e9e a \u00e9t\u00e9 mis \u00e0 profit par le Gouvernement et ses partenaires pour sensibiliser sur comment les choix et les droits ont chang\u00e9 pour les jeunes filles et pour les jeunes femmes depuis l\u2019av\u00e8nement de la conf\u00e9rence internationale sur la population et le D\u00e9veloppement (CIPD) de 1994.  Dans son discours de circonstance, Barbara Sow , repr\u00e9sentante   des Fonds des Nations Unies pour la  Population  a d\u00e9clar\u00e9 qu\u2019en 1994, s\u2019est tenue au Caire la conf\u00e9rence internationale sur la population et le d\u00e9veloppement connu comme CIPD.  \u00ab Au cours de cette conf\u00e9rence 179 gouvernements, Etats membres des Nations Unies se sont entendus pour changer fondamentalement l\u2019approche des questions de la population et placer les droits de l\u2019homme y compris les droits pour les femmes \u00e0 la sant\u00e9 de la reproduction au c\u0153ur des efforts visant \u00e0 am\u00e9liorer la qualit\u00e9 de vie  de tous, comme pr\u00e9 requis \u00e0 parvenir \u00e0 une croissance \u00e9conomique et un d\u00e9veloppement durable. Il y a  25, les dirigeants ont promis de faire progresser la Sant\u00e9 et les droits des femmes et des filles, non seulement parce que c\u2019\u00e9tait opportun de  faire, mais aussi parce qu\u2019ils se sont rendus compte de  l\u2019\u00e9galit\u00e9 du genre, mais aussi une des conditions n\u00e9cessaires pour le d\u00e9veloppement durable et les bien \u00eatre de tous \u00bb a-t-elle soulign\u00e9. Poursuivant Mme. Sow a indiqu\u00e9 que cette journ\u00e9e  est un appel \u00e0 nous tous, d\u2019examiner les objectifs inachev\u00e9s et de faire tout tenir les promesses faites au Caire.  \u00ab Pour rappel, ces  objectifs articul\u00e9s dans le programme d\u2019action et adopt\u00e9s en 1994 se r\u00e9sument  en ses grands points : r\u00e9duire 76%, la mortalit\u00e9 maternelle. Parvenir \u00e0 \u00e9quit\u00e9 du genre, de l\u2019acc\u00e8s \u00e0 \u2018\u00e9ducation et \u00e0 l\u2019environnement sain pour l\u2019\u00e9panouissement de tous les individus. Eliminer toutes formes d\u2019exploitation, d\u2019harc\u00e8lement  et de violence envers les femmes, les adolescentes et les enfants .Eliminer  le mariage  d\u2019enfant  et la mutilation f\u00e9minine. Mettre \u00e0 la disposition de chacun femme et fille une gamme compl\u00e8te de m\u00e9thode sure et fiable de planification familiale. Assurer la protection sociale des populations vuln\u00e9rables notamment les enfants, les personnes ayant un handicap et les personnes \u00e2g\u00e9es. L\u2019int\u00e9grer la dynamique de la population et des questions de d\u00e9veloppement au sein du dialogue national r\u00e9gional, mondial avec l\u2019accent particulier sur le vieillissement de la population, la jeunesse, les adolescents, la migration, urbanisation et la durabilit\u00e9 environnementale \u00bb a-t-elle indiqu\u00e9   Selon, la Repr\u00e9sentante des Fonds  des Nations Unies  pour la Population, malgr\u00e9 des engagements pris par les Gouvernements au Caire, beaucoup de d\u00e9fis restent \u00e0 relever dans certains pays notamment en Guin\u00e9e.  \u00ab En Guin\u00e9e, les d\u00e9fis sont aussi r\u00e9el que les progr\u00e8s observ\u00e9s durant ces derni\u00e8res 25 ann\u00e9es. En comparant les donn\u00e9es de la derni\u00e8re d\u00e9cennie, nous constatons que le ratio de mortalit\u00e9 maternelle est pass\u00e9 plus 980 \u00e0 550 d\u00e9c\u00e8s pour 100 000 naissances vivantes. La mortalit\u00e9 n\u00e9onatale a, \u00e0 peine boug\u00e9 allant de 33 \u00e0 32 d\u00e9c\u00e8s pour 1000 naissances. Le taux d\u2019accouchement  assist\u00e9 par le personnel qualifi\u00e9 est pass\u00e9 de 43 \u00e0 55%. Le nombre moins d\u2019enfant par femme a baiss\u00e9 de 5,1 \u00e0 4,8. Le nombre d\u2019enfants par femme et la pr\u00e9valence contraceptif moderne a doubl\u00e9 en allant de 5% \u00e0 11%. Le taux net de scolarisation des femmes en primaire a atteint 69% contre 84% pour les gar\u00e7ons. Le taux net de scolarisation  des filles au niveau secondaire, chez les filles n\u2019atteint que 26% contre 40% chez gar\u00e7on. Des chiffres qui encouragent, mais qui rappellent aussi que les engagements pris n\u2019ont pas \u00e9t\u00e9 tenu, le ratio de mortalit\u00e9 maternelle devrait \u00eatre inf\u00e9rieur \u00e0 100 d\u00e9c\u00e8s pour 1 000 naissances vivantes en Guin\u00e9e, nous sommes 550 \u00bb a-t-elle d\u00e9plor\u00e9.  Pour sa part, Dr, Joseph Kiserbo, le Repr\u00e9sentant R\u00e9sident du syst\u00e8me des Nations Unies, se dit conscient des d\u00e9fis qui restent \u00e0 relever  avant  d\u2019affirmer l\u2019engagement de son institution \u00e0 accompagner le Gouvernement Guin\u00e9en pour l\u2019am\u00e9lioration des conditions des populations.  \u00ab Nous engageons \u00e0 poursuivre notre appui au Gouvernement pour b\u00e2tir l\u2019avenir  auquel  nous aspirons tous o\u00f9 les obstacles et les disparit\u00e9s sont \u00e9limin\u00e9es, o\u00f9 les droits des femmes et des jeunes, les plus pauvres sont r\u00e9ellement prot\u00e9g\u00e9s et o\u00f9 finalement toutes les promesses prises sont respect\u00e9es pour l\u2019atteinte des objectifs d\u00e9veloppements durable\u00bb  <\/p>\n\n\n\n<p>Mamadouba Camara Journaliste<\/p>\n\n\n\n<p>du Site www.lefolan.com<\/p>\n\n\n\n<p><\/p>\n","protected":false},"excerpt":{"rendered":"<div class=\"mh-excerpt\"><p>La R\u00e9publique de Guin\u00e9e \u00e0 l\u2019instar des pays du monde a c\u00e9l\u00e9br\u00e9 en diff\u00e9r\u00e9 ce vendredi 19 juillet 2019, la journ\u00e9e de la population sous <a class=\"mh-excerpt-more\" href=\"http:\/\/www.lefolan.com\/fr\/2019\/07\/20\/la-guinee-journee-mondiale-de-la-population-celebree-en-differee-en-guinee\/\" title=\"LA GUIN\u00c9E: Journ\u00e9e mondiale de la population c\u00e9l\u00e9br\u00e9e en diff\u00e9r\u00e9e en Guin\u00e9e\">[&#8230;]<\/a><\/p>\n<\/div>","protected":false},"author":1,"featured_media":327,"comment_status":"open","ping_status":"open","sticky":false,"template":"","format":"standard","meta":[],"categories":[9],"tags":[],"_links":{"self":[{"href":"http:\/\/www.lefolan.com\/fr\/wp-json\/wp\/v2\/posts\/326"}],"collection":[{"href":"http:\/\/www.lefolan.com\/fr\/wp-json\/wp\/v2\/posts"}],"about":[{"href":"http:\/\/www.lefolan.com\/fr\/wp-json\/wp\/v2\/types\/post"}],"author":[{"embeddable":true,"href":"http:\/\/www.lefolan.com\/fr\/wp-json\/wp\/v2\/users\/1"}],"replies":[{"embeddable":true,"href":"http:\/\/www.lefolan.com\/fr\/wp-json\/wp\/v2\/comments?post=326"}],"version-history":[{"count":5,"href":"http:\/\/www.lefolan.com\/fr\/wp-json\/wp\/v2\/posts\/326\/revisions"}],"predecessor-version":[{"id":332,"href":"http:\/\/www.lefolan.com\/fr\/wp-json\/wp\/v2\/posts\/326\/revisions\/332"}],"wp:featuredmedia":[{"embeddable":true,"href":"http:\/\/www.lefolan.com\/fr\/wp-json\/wp\/v2\/media\/327"}],"wp:attachment":[{"href":"http:\/\/www.lefolan.com\/fr\/wp-json\/wp\/v2\/media?parent=326"}],"wp:term":[{"taxonomy":"category","embeddable":true,"href":"http:\/\/www.lefolan.com\/fr\/wp-json\/wp\/v2\/categories?post=326"},{"taxonomy":"post_tag","embeddable":true,"href":"http:\/\/www.lefolan.com\/fr\/wp-json\/wp\/v2\/tags?post=326"}],"curies":[{"name":"wp","href":"https:\/\/api.w.org\/{rel}","templated":true}]}}