{"id":342,"date":"2019-07-28T18:42:21","date_gmt":"2019-07-28T16:42:21","guid":{"rendered":"http:\/\/www.lefolan.com\/fr\/?p=342"},"modified":"2019-07-28T18:46:53","modified_gmt":"2019-07-28T16:46:53","slug":"guinee-lassassinat-de-mamoudou-barry-manifestation-devant-lambassade-de-france-en-guinee","status":"publish","type":"post","link":"http:\/\/www.lefolan.com\/fr\/2019\/07\/28\/guinee-lassassinat-de-mamoudou-barry-manifestation-devant-lambassade-de-france-en-guinee\/","title":{"rendered":"Guin\u00e9e: L&rsquo;assassinat de Mamoudou Barry,  manifestation devant l&rsquo;Ambassade de France en Guin\u00e9e."},"content":{"rendered":"\n<p>Le collectif pour le Soutien de Mamoudou Barry a organis\u00e9 un sit-in ce vendredi 26 juillet 2019 devant l&rsquo;ambassade de&nbsp; France en Guin\u00e9e pour protester contre l&rsquo;assassinat de Mamoudou Barry, Enseignant-Rechercheur \u00e0 l&rsquo;Universit\u00e9 de Rouen. Ce sit-in a connu la pr\u00e9sence de plusieurs personnalit\u00e9s de la soci\u00e9t\u00e9 civiles, des Avocats, des Activistes des droits de l&rsquo;homme . Munis de pancartes et de band\u00e9roles, ces manifestants sont partis du port Autonome en scandant des slogans comme \u201cNon au racisme! Le sang noir = au sang blanc! Justice pour Mamoudou Barry !  Dans une d\u00e9claration qui a poncti\u00e9 ce sit-in, les organisateurs par la voix Gabril Haba, membre de ce collectif, ont condamn\u00e9 cet assassinat qu&rsquo;ils qualifient d&rsquo;une autre \u00e9poque. \u201cC&rsquo;est avec un sentiment de choc, de tristesse et de col\u00e8re que nous avions appris l&rsquo;assassinat de notre compatriote Mamoudou Barry, Enseignant Chercheur \u00e0 l&rsquo;Universit\u00e9 de Rouen, assassin\u00e9 dans la m\u00eame ville normande ce 20 juillet 2019.Nous condamnons avec fermet\u00e9 cette barbarie, qui en plus de son caract\u00e8re extr\u00eamement ignoble, viole les textes internationaux en mati\u00e8re des droits de l&rsquo;homme\u201d a t-il d\u00e9clar\u00e9 . Cependant pousuit-il , \u201cnous saluons le soutien ind\u00e9fectible de nos fr\u00e8res et amis Africains ainsi que les institutions ou personnes physiques d&rsquo;ailleurs, qui nous accompagnent dans ce combat en faveur du r\u00e9tablissement de l&rsquo;equilibre sang noir= sang blanc\u201d a t-il indiqu\u00e9 . Par ailleurs, le collectif pour le soutien de Mamoudou Barry exhorte la France \u00e0 poursuivre la proc\u00e9dure jusqu&rsquo;\u00e0 la manifestaion de la v\u00e9rit\u00e9 dans cette affaire. \u201c Nous prenons acte des efforts de la justice Fran\u00e7aise pour mettre hors d&rsquo;\u00e9tat de nuire ce criminel racial, et leur exhortons d&rsquo;aller jusqu&rsquo;au bout de la proc\u00e9duire judiciaire d\u00e9ja engag\u00e9e, si non, l&rsquo;auteur de ce crime racial symboliserait pour tous les citoyens noirs vivant \u00e0 l&rsquo;occident, une menace \u00e0 la libert\u00e9 d&rsquo;opinion et une atteinte \u00e0 la dignit\u00e9 Africaine\u201d. Pour terminer, le collectif lance un appel pressant, au conseil de s\u00e9curit\u00e9 des Nations Unies de veiller au respect des dispositions de la d\u00e9claration universelle des droits de l&rsquo;homme, dont son article premier dispose que\u00abtous les \u00eatres humains naissent libres et \u00e9gaux en dignit\u00e9 et en droit. Ils sont dou\u00e9s de raison et de conscience et doivent agir les uns envers les autres dans un esprit de fraternit\u00e9\u00bb.\u201c \u201cAux organisations de d\u00e9fense des droits de l&rsquo;homme de prendre toutes les dispositions pour suivre de pr\u00e8s la proc\u00e9dure relative \u00e0 l&rsquo;assassinat de Mamoudou Barry. Aux migrants \u00e9tablis dans les diff\u00e9rents pays occidantaux, d&rsquo;observer et respecter les lois, r\u00e8glements et normes culturelles et sociales des pays d&rsquo;acceuil pour int\u00e9gration totale\u201d a t-il soulign\u00e9.<\/p>\n\n\n\n<p>Mamadouba Camara<\/p>\n\n\n\n<p>Journaliste du site lefolan.com<\/p>\n","protected":false},"excerpt":{"rendered":"<div class=\"mh-excerpt\"><p>Le collectif pour le Soutien de Mamoudou Barry a organis\u00e9 un sit-in ce vendredi 26 juillet 2019 devant l&rsquo;ambassade de&nbsp; France en Guin\u00e9e pour protester <a class=\"mh-excerpt-more\" href=\"http:\/\/www.lefolan.com\/fr\/2019\/07\/28\/guinee-lassassinat-de-mamoudou-barry-manifestation-devant-lambassade-de-france-en-guinee\/\" title=\"Guin\u00e9e: L&rsquo;assassinat de Mamoudou Barry,  manifestation devant l&rsquo;Ambassade de France en Guin\u00e9e.\">[&#8230;]<\/a><\/p>\n<\/div>","protected":false},"author":1,"featured_media":344,"comment_status":"open","ping_status":"open","sticky":false,"template":"","format":"standard","meta":[],"categories":[9],"tags":[],"_links":{"self":[{"href":"http:\/\/www.lefolan.com\/fr\/wp-json\/wp\/v2\/posts\/342"}],"collection":[{"href":"http:\/\/www.lefolan.com\/fr\/wp-json\/wp\/v2\/posts"}],"about":[{"href":"http:\/\/www.lefolan.com\/fr\/wp-json\/wp\/v2\/types\/post"}],"author":[{"embeddable":true,"href":"http:\/\/www.lefolan.com\/fr\/wp-json\/wp\/v2\/users\/1"}],"replies":[{"embeddable":true,"href":"http:\/\/www.lefolan.com\/fr\/wp-json\/wp\/v2\/comments?post=342"}],"version-history":[{"count":2,"href":"http:\/\/www.lefolan.com\/fr\/wp-json\/wp\/v2\/posts\/342\/revisions"}],"predecessor-version":[{"id":345,"href":"http:\/\/www.lefolan.com\/fr\/wp-json\/wp\/v2\/posts\/342\/revisions\/345"}],"wp:featuredmedia":[{"embeddable":true,"href":"http:\/\/www.lefolan.com\/fr\/wp-json\/wp\/v2\/media\/344"}],"wp:attachment":[{"href":"http:\/\/www.lefolan.com\/fr\/wp-json\/wp\/v2\/media?parent=342"}],"wp:term":[{"taxonomy":"category","embeddable":true,"href":"http:\/\/www.lefolan.com\/fr\/wp-json\/wp\/v2\/categories?post=342"},{"taxonomy":"post_tag","embeddable":true,"href":"http:\/\/www.lefolan.com\/fr\/wp-json\/wp\/v2\/tags?post=342"}],"curies":[{"name":"wp","href":"https:\/\/api.w.org\/{rel}","templated":true}]}}