{"id":392,"date":"2019-08-06T19:30:11","date_gmt":"2019-08-06T17:30:11","guid":{"rendered":"http:\/\/www.lefolan.com\/fr\/?p=392"},"modified":"2019-08-06T19:37:26","modified_gmt":"2019-08-06T17:37:26","slug":"en-guinee-debats-sur-la-nouvelle-constitution-aboubacar-sylla-justifie-pourquoi-alpha-conde-na-pas-soumis-lactuelle-constitution-au-referendum","status":"publish","type":"post","link":"http:\/\/www.lefolan.com\/fr\/2019\/08\/06\/en-guinee-debats-sur-la-nouvelle-constitution-aboubacar-sylla-justifie-pourquoi-alpha-conde-na-pas-soumis-lactuelle-constitution-au-referendum\/","title":{"rendered":"EN GUIN\u00c9E: D\u00e9bats sur la nouvelle constitution Aboubacar Sylla justifie Pourquoi Alpha Cond\u00e9 n&rsquo;a Pas Soumis l&rsquo;actuelle Constitution au R\u00e9f\u00e9rendum."},"content":{"rendered":"\n<p><strong>A l&rsquo;occasion de la c\u00e9r\u00e9monie de pr\u00e9sentation de la Coalition D\u00e9mocratique pour la Nouvelle Constitution (CODENOC) ce vendredi, 02 ao\u00fbt 2019 dans un r\u00e9ceptif h\u00f4telier de la place , le ministre d\u2019\u00c9tat, ministre des Transports, Aboubacar Sylla a expliqu\u00e9 pourquoi le pr\u00e9sident Alpha Cond\u00e9 n&rsquo;a pas soumis par r\u00e9f\u00e9rendum la constitution de 07 mais 2010 apr\u00e8s son \u00e9lection ?<\/strong><\/p>\n\n\n\n<p>\u201c<em>La\n\tquestion qui se pose pourquoi on n&rsquo;a pas chang\u00e9 la constitution\n\tdepuis 2010? Pourquoi depuis 2010, une fois que les \u00e9lections\n\tpr\u00e9sidentielles ont eu lieu, un nouveau pr\u00e9sident est \u00e9lu, on a\n\tpas proc\u00e9d\u00e9 \u00e0 l&rsquo;\u00e9laboration et \u00e0 l&rsquo;adoption dans les normes\n\trequises d&rsquo;une constitution qui soit l&rsquo;\u00e9manation du peuple de\n\tGuin\u00e9e s&rsquo;est-il interrog\u00e9<\/em><\/p>\n\n\n\n<p>Pour l&rsquo;actuel porte parole du Gouvernement,c&rsquo;est une une raison tr\u00e8s simple.\u201c<em>C&rsquo;est parce que le calendrier politique n&rsquo;a pas permis de mettre le r\u00e9f\u00e9rendum constitutionnel dans l&rsquo;agenda de nos \u00e9lections. D\u00e8s que le pr\u00e9sident Alpha Cond\u00e9 a \u00e9t\u00e9 \u00e9lu, il a pr\u00eat\u00e9 serment en 2010. D\u00e8s d\u00e9but 2011, les partis politiques qui \u00e9taient membres de l&rsquo;alliance Cellou pr\u00e9sident se sont regroup\u00e9s autour de ce qu&rsquo;ils ont appel\u00e9 \u201cle collectif des partis politiques pour la finalisation de la transition\u201d. <\/em> <\/p>\n\n\n\n<p><em>L&rsquo;objectif\n\tde se collectif, c&rsquo;\u00e9tait d&rsquo;\u0153uvrer \u00e0 la finalisation de la\n\ttransition, comprenez par finalisation de la transition,\n\tl&rsquo;organisation des \u00e9lections l\u00e9gislatives. Donc, l&rsquo;opposition a\n\tmis pression sur le pouvoir pour l&rsquo;amener \u00e0 organiser ces\n\t\u00e9lections. <\/em>\n\t<\/p>\n\n\n\n<p><em>Donc,\n\tde manifestation en manifestation, de la reforme de la CENI, le\n\tchoix d&rsquo;un autre op\u00e9rateur pour la r\u00e9vision du fichier \u00e9lectoral\n\t\u00e0 la place de celui qui \u00e9tait l\u00e0 . On a pris 2011, 2012 et 2013\n\tpour organiser les \u00e9lections l\u00e9gislatives. Le nouveau parlement a\n\t\u00e9t\u00e9 install\u00e9 au d\u00e9but 2014 et d\u00e8s apr\u00e8s nous, nous sommes de\n\tnouveau engag\u00e9s dans la pr\u00e9paration des \u00e9lections locales. Et les\n\td\u00e9bats \u00e9taient focalis\u00e9s autour de cette question parce que toute\n\topposition demandait ce que les maires soient l&rsquo;\u00e9manation du\n\tsuffrage universel, que les conseill\u00e9s de quartiers et districts\n\tsoient mis en place apr\u00e8s le processus \u00e9lectoral transparent. <\/em>\n\t<\/p>\n\n\n\n<p><em>De\n\tdialogue en dialogue, nous sommes arriv\u00e9s pratiquement au terme du\n\tmandat pr\u00e9sidentiel. Nous avons organis\u00e9 un dialogue qui regroup\u00e9,\n\tet l&rsquo;opposition et la mouvance pr\u00e9sidentielle. Ils sommes convenus\n\tensemble de surseoir aux discussions autour de l&rsquo;organisation des\n\t\u00e9lections locales pour se focaliser sur l&rsquo;organisation des\n\t\u00e9lections pr\u00e9sidentielles de 2015 parce que nous ne voulions pas\n\tque le pr\u00e9sident soit hors-mandat.Parce qu&rsquo;\u00e0 notre avis, il \u00e9tait\n\tplus facile d&rsquo;accepter les conseils communaux hors-mandat que\n\td&rsquo;avoir un pr\u00e9sident de la r\u00e9publique&#8230;<\/em><\/p>\n\n\n\n<p><em>D\u00e8s\n\tque les \u00e9lections pr\u00e9sidentielles se sont achev\u00e9es, on a commenc\u00e9\n\t\u00e0 se poser la question des \u00e9lections locales. L&rsquo;opposition a\n\tencore mis la pression, il faut des \u00e9lections locales et les\n\t\u00e9lections locales ont \u00e9t\u00e9 organis\u00e9es en 2018. Et ann\u00e9e apr\u00e8s\n\tl&rsquo;organisation de ces \u00e9lections, le d\u00e9bats continuent encore pour\n\tl&rsquo;installation des conseils communaux \u00e0 cause des contestation\n\tparce que parmi tout il y avait eu des<\/em>&nbsp;<em>probl\u00e8mes\u201d<\/em>&nbsp;a\n\tt-il soulign\u00e9.<\/p>\n\n\n\n<p>D&rsquo;autres raisons \u00e9voqu\u00e9es par le ministre, c&rsquo;est aussi l&rsquo;apparition de la maladie \u00e0 virus Ebola qui, selon constituait un facteur qui a emp\u00each\u00e9 l&rsquo;organisation du r\u00e9f\u00e9rendum en 2010.\u201c <em>Je ne parle m\u00eame pas des deux ann\u00e9es que nous avons connu avec l\u2019\u00e9pid\u00e9mie \u00e0 virus Ebola. Donc, pratiquement, on n&rsquo;a eu pas de temps d&rsquo;organiser le r\u00e9f\u00e9rendum. C&rsquo;est maintenant qu&rsquo;il y a une petite pose \u00e9lectorale que cette question de r\u00e9f\u00e9rendum vienne dans les d\u00e9bats politiques<\/em>&nbsp;a t-il indiqu\u00e9.<\/p>\n\n\n\n<p>\nMamadouba\nCamara<\/p>\n\n\n\n<p>\nJournaliste\ndu Site www.lefolan.com<\/p>\n","protected":false},"excerpt":{"rendered":"<div class=\"mh-excerpt\"><p>A l&rsquo;occasion de la c\u00e9r\u00e9monie de pr\u00e9sentation de la Coalition D\u00e9mocratique pour la Nouvelle Constitution (CODENOC) ce vendredi, 02 ao\u00fbt 2019 dans un r\u00e9ceptif h\u00f4telier <a class=\"mh-excerpt-more\" href=\"http:\/\/www.lefolan.com\/fr\/2019\/08\/06\/en-guinee-debats-sur-la-nouvelle-constitution-aboubacar-sylla-justifie-pourquoi-alpha-conde-na-pas-soumis-lactuelle-constitution-au-referendum\/\" title=\"EN GUIN\u00c9E: D\u00e9bats sur la nouvelle constitution Aboubacar Sylla justifie Pourquoi Alpha Cond\u00e9 n&rsquo;a Pas Soumis l&rsquo;actuelle Constitution au R\u00e9f\u00e9rendum.\">[&#8230;]<\/a><\/p>\n<\/div>","protected":false},"author":1,"featured_media":394,"comment_status":"open","ping_status":"open","sticky":false,"template":"","format":"standard","meta":[],"categories":[3],"tags":[],"_links":{"self":[{"href":"http:\/\/www.lefolan.com\/fr\/wp-json\/wp\/v2\/posts\/392"}],"collection":[{"href":"http:\/\/www.lefolan.com\/fr\/wp-json\/wp\/v2\/posts"}],"about":[{"href":"http:\/\/www.lefolan.com\/fr\/wp-json\/wp\/v2\/types\/post"}],"author":[{"embeddable":true,"href":"http:\/\/www.lefolan.com\/fr\/wp-json\/wp\/v2\/users\/1"}],"replies":[{"embeddable":true,"href":"http:\/\/www.lefolan.com\/fr\/wp-json\/wp\/v2\/comments?post=392"}],"version-history":[{"count":2,"href":"http:\/\/www.lefolan.com\/fr\/wp-json\/wp\/v2\/posts\/392\/revisions"}],"predecessor-version":[{"id":395,"href":"http:\/\/www.lefolan.com\/fr\/wp-json\/wp\/v2\/posts\/392\/revisions\/395"}],"wp:featuredmedia":[{"embeddable":true,"href":"http:\/\/www.lefolan.com\/fr\/wp-json\/wp\/v2\/media\/394"}],"wp:attachment":[{"href":"http:\/\/www.lefolan.com\/fr\/wp-json\/wp\/v2\/media?parent=392"}],"wp:term":[{"taxonomy":"category","embeddable":true,"href":"http:\/\/www.lefolan.com\/fr\/wp-json\/wp\/v2\/categories?post=392"},{"taxonomy":"post_tag","embeddable":true,"href":"http:\/\/www.lefolan.com\/fr\/wp-json\/wp\/v2\/tags?post=392"}],"curies":[{"name":"wp","href":"https:\/\/api.w.org\/{rel}","templated":true}]}}