{"id":406,"date":"2019-08-15T17:15:34","date_gmt":"2019-08-15T15:15:34","guid":{"rendered":"http:\/\/www.lefolan.com\/fr\/?p=406"},"modified":"2019-08-30T08:46:45","modified_gmt":"2019-08-30T06:46:45","slug":"guinee-conference-bilan-du-ministre-de-lelevage-et-de-la-production-animale-le-ministre-roger-patrick-millimono-presente-le-bilan-de-son-departement","status":"publish","type":"post","link":"http:\/\/www.lefolan.com\/fr\/2019\/08\/15\/guinee-conference-bilan-du-ministre-de-lelevage-et-de-la-production-animale-le-ministre-roger-patrick-millimono-presente-le-bilan-de-son-departement\/","title":{"rendered":"GUIN\u00c9E, Conf\u00e9rence Bilan du Ministre de l\u2019\u00e9levage et de la production animale:  Le Ministre Roger Patrick Millimono Pr\u00e9sente le Bilan de son D\u00e9partement."},"content":{"rendered":"\n<p>Le ministre en charge de l\u2019\u00e9levage et de la Production Animale, Roger Patrick Millimouno, \u00e9tait face \u00e0 la presse ce mercredi 14 ao\u00fbt 2019&nbsp; pour pr\u00e9senter le bilan, aussi d\u00e9gager quelques perspectives de son d\u00e9partement durant les ann\u00e9es \u00e0 venir.&nbsp; Dans sa communication, le ministre Roger Millimouno a rappel\u00e9 que le secteur de l\u2019\u00e9levage offre une grande opportunit\u00e9 en Guin\u00e9e, gr\u00e2ce, dit t-il, \u201c l&rsquo;importance de ses \u00e9changes commerciaux, la diversit\u00e9 des emplois qu&rsquo;il cr\u00e9e, sa contribution \u00e0 la lutte contre l&rsquo;exode rural par l&rsquo;insertion des jeunes et des femmes dans les activit\u00e9s l\u2019\u00e9levage\u201d.&nbsp; <\/p>\n\n\n\n<!--more-->\n\n\n\n<p>Poursuivant, le ministre en charge l\u2019\u00e9levage et de Production animale a indiqu\u00e9 que , malgr\u00e9 ses potentialit\u00e9, l\u2019\u00e9levage guin\u00e9en est caract\u00e9ris\u00e9 par une faible productivit\u00e9 des races locales et un mode d&rsquo;\u00e9levage extensif traditionnel domin\u00e9 par la divagation des animaux, entra\u00eenant de facto des conflits agriculteurs et \u00e9leveurs. <\/p>\n\n\n\n<p>\u201cApr\u00e8s l\u2019av\u00e8nement de la troisi\u00e8me r\u00e9publique, du pr\u00e9sident Alpha Cond\u00e9 , lors de sa rencontre avec les op\u00e9rateurs du secteur de l\u2019\u00e9levage aux cases de Bellevue en 2012, a d\u00e9gag\u00e9 sa vision de modernisation pour un d\u00e9veloppement harmonieux de l\u2019\u00e9levage, vision qui consiste \u00e0 faire \u00e9voluer le syst\u00e8me d\u2019\u00e9levage traditionnel vers des syst\u00e8mes d\u2019\u00e9levage intensifs plus productifs, \u00e9conomiquement rentables et respectueux de l\u2019environnement. Pour la mise en \u0153uvre de cette grande vision, d\u2019importantes r\u00e9formes ont \u00e9t\u00e9 engag\u00e9es dans les diff\u00e9rentes fili\u00e8res de productions animales qui sont : la fili\u00e8re b\u00e9tail-viande, la fili\u00e8re avicole, la fili\u00e8re lait, la fili\u00e8re porcine et la fili\u00e8re apicole\u201d a t-indiqu\u00e9 . <\/p>\n\n\n\n<p>Dans le domaine de la fili\u00e8res de production b\u00e9tail-viande, le ministre a&nbsp; soulign\u00e9 que de 2011 \u00e0 nos jours, plusieurs infrastructures d\u2019\u00e9levage et de commercialisation du b\u00e9tail et de la viande ont \u00e9t\u00e9 r\u00e9alis\u00e9es notamment:&nbsp; \u201cUn march\u00e9 \u00e0 b\u00e9tail \u00e0 vocation sous r\u00e9gionale \u00e0 Kounsitel (Gaoual). Ce march\u00e9 qui constitue le 1er du genre dans notre pays devra favoriser les \u00e9changes commerciaux du b\u00e9tail entre la Guin\u00e9e et certains pays de la sous-r\u00e9gion, notamment le S\u00e9n\u00e9gal, la Gambie et la Guin\u00e9e Bissau. Quatre (4) march\u00e9s \u00e0 b\u00e9tail pr\u00e9fectoraux construits et \u00e9quip\u00e9s \u00e0 Beyla, Dinguiraye, Mandiana (Dialakoro) et Faranah (Kalia). Ces march\u00e9s viennent renforcer le programme national d\u2019am\u00e9lioration des infrastructures de commercialisation du b\u00e9tail et des produits animaux.&nbsp; Quatre (4) aires d\u2019abattage am\u00e9lior\u00e9es \u00e0 Mamou (Bert\u00e9ah), Gaoual (Koumbia), Beyla centre et Dinguiraye centre. Ces aires d\u2019abattage viennent \u00e9galement renforcer le programme national d\u2019am\u00e9lioration des infrastructures de commercialisation du b\u00e9tail et des produits animaux. Trente-six (36) kilom\u00e8tres de pistes am\u00e9nag\u00e9es dans la pr\u00e9fecture de Gaoual (de Boumm\u00e9houn \u00e0 Mal\u00e9ah) pour appuyer la commercialisation du b\u00e9tail entre les zones d\u2019\u00e9levage et les march\u00e9s.<\/p>\n\n\n\n<p> Un abattoir moderne d\u2019une capacit\u00e9 journali\u00e8re de 250 t\u00eates de bovins, extensible \u00e0 500 t\u00eates, en construction sur financement propre du Gouvernement depuis avril 2014. Ce type d\u2019abattoir qui est une premi\u00e8re en Guin\u00e9e fournira \u00e0 la population de la capitale et ses environs de la viande produite dans de meilleures conditions hygi\u00e9niques. Le niveau de r\u00e9alisation de cet abattoir est \u00e0 ce jour \u00e0 90% pour le g\u00e9nie civil et 85% pour les \u00e9quipements. Dix (10) forages pastoraux \u00e9quip\u00e9s de syst\u00e8me de pompage solaire r\u00e9alis\u00e9s dans les zones d\u2019\u00e9levage de Gaoual et Dinguiraye.Un micro barrage pastoral r\u00e9alis\u00e9 au CAE de Bok\u00e9. 75 chevri\u00e8res am\u00e9lior\u00e9es dans 13 pr\u00e9fectures au niveau des 4 r\u00e9gions naturelles\u201d&#8230;. a t-il not\u00e9. <\/p>\n\n\n\n<p>Parlant des perspectives le ministre en charge l\u2019\u00e9levage et de la Production animale a tenu \u00e0 pr\u00e9ciser. \u201cDans le cadre de la poursuite de l\u2019Initiative Pr\u00e9sidentielle d\u2019am\u00e9lioration g\u00e9n\u00e9tique de la race bovine, le Minist\u00e8re de l\u2019\u00e9levage envisage l\u2019ins\u00e9mination artificielle de vaches dans les pr\u00e9fectures de notre pays conform\u00e9ment au programme Guin\u00e9o-Marocain.  moderne de Kagbelen d\u2019une capacit\u00e9 journali\u00e8re de 250 t\u00eates de bovins, a travers un Partenariat Public Priv\u00e9.Parlant des perspectives, le ministre en charge de l\u2019\u00e9levage et de la Production animale a tenu \u00e0 pr\u00e9ciser. \u201cDans le cadre de la poursuite de l\u2019Initiative Pr\u00e9sidentielle d\u2019am\u00e9lioration g\u00e9n\u00e9tique de la race bovine, le Minist\u00e8re de l\u2019\u00e9levage envisage l\u2019ins\u00e9mination artificielle de vaches dans les pr\u00e9fectures de notre pays conform\u00e9ment au programme Guin\u00e9o-Marocain. Ce programme, en cours d\u2019\u00e9laboration, sera calqu\u00e9 sur le mod\u00e8le Rwandais et permettra d\u2019am\u00e9liorer la&nbsp; productivit\u00e9 et la production laiti\u00e8re du cheptel national et de favoriser l\u2019insertion de la couche juv\u00e9nile et f\u00e9minine et de contribuer \u00e0 la cr\u00e9ation d\u2019emplois.La finalisation de la construction, de l\u2019abattoir moderne de Kagbelen d\u2019une capacit\u00e9 journali\u00e8re de 250 t\u00eates de bovins, a travers un Partenariat Public Priv\u00e9. <\/p>\n\n\n\n<p>Le Minist\u00e8re est en n\u00e9gociation avec quelques partenaires qui ont t\u00e9moign\u00e9 de leurs int\u00e9r\u00eats pour le projet dont entre autre la Banque Mondiale et des priv\u00e9es. L\u2019am\u00e9nagement, avec l\u2019appui de la Banque Mondiale \u00e0 travers le Projet BIRD Enclave, de deux parcs \u00e0 b\u00e9tails \u00e0 Kouria et \u00e0 Khorira pour approvisionner l\u2019abattoir de Kagbelen et contribuer \u00e0 la salubrit\u00e9 de la ville actuellement envahie par une diversit\u00e9 de parcs anarchiques entretenant des abattages clandestins et polluant la ville.<\/p>\n\n\n\n<p>La construction, avec l\u2019appui de la Banque Mondiale dans le cadre du Projet BIRD Enclave, de boucheries modernes agr\u00e9\u00e9es \u00e0 travers la ville de Conakry pour permettre \u00e0 la population de s\u2019approvisionner facilement en viande saine et propre. La construction, avec toujours l\u2019appui de la Banque Mondiale dans le cadre du Projet BIRD Enclave, de l\u2019abattoir r\u00e9gional de Bok\u00e9 pour assurer l\u2019approvisionnement en viande de la population en forte croissance de cette pr\u00e9fecture\u201d.. . a t-conclu.<\/p>\n\n\n\n<p>Mamadouba Camara<\/p>\n\n\n\n<p>Journaliste du Site www.lefolan.com<\/p>\n","protected":false},"excerpt":{"rendered":"<div class=\"mh-excerpt\"><p>Le ministre en charge de l\u2019\u00e9levage et de la Production Animale, Roger Patrick Millimouno, \u00e9tait face \u00e0 la presse ce mercredi 14 ao\u00fbt 2019&nbsp; pour <a class=\"mh-excerpt-more\" href=\"http:\/\/www.lefolan.com\/fr\/2019\/08\/15\/guinee-conference-bilan-du-ministre-de-lelevage-et-de-la-production-animale-le-ministre-roger-patrick-millimono-presente-le-bilan-de-son-departement\/\" title=\"GUIN\u00c9E, Conf\u00e9rence Bilan du Ministre de l\u2019\u00e9levage et de la production animale:  Le Ministre Roger Patrick Millimono Pr\u00e9sente le Bilan de son D\u00e9partement.\">[&#8230;]<\/a><\/p>\n<\/div>","protected":false},"author":1,"featured_media":408,"comment_status":"open","ping_status":"open","sticky":false,"template":"","format":"standard","meta":[],"categories":[4],"tags":[],"_links":{"self":[{"href":"http:\/\/www.lefolan.com\/fr\/wp-json\/wp\/v2\/posts\/406"}],"collection":[{"href":"http:\/\/www.lefolan.com\/fr\/wp-json\/wp\/v2\/posts"}],"about":[{"href":"http:\/\/www.lefolan.com\/fr\/wp-json\/wp\/v2\/types\/post"}],"author":[{"embeddable":true,"href":"http:\/\/www.lefolan.com\/fr\/wp-json\/wp\/v2\/users\/1"}],"replies":[{"embeddable":true,"href":"http:\/\/www.lefolan.com\/fr\/wp-json\/wp\/v2\/comments?post=406"}],"version-history":[{"count":4,"href":"http:\/\/www.lefolan.com\/fr\/wp-json\/wp\/v2\/posts\/406\/revisions"}],"predecessor-version":[{"id":447,"href":"http:\/\/www.lefolan.com\/fr\/wp-json\/wp\/v2\/posts\/406\/revisions\/447"}],"wp:featuredmedia":[{"embeddable":true,"href":"http:\/\/www.lefolan.com\/fr\/wp-json\/wp\/v2\/media\/408"}],"wp:attachment":[{"href":"http:\/\/www.lefolan.com\/fr\/wp-json\/wp\/v2\/media?parent=406"}],"wp:term":[{"taxonomy":"category","embeddable":true,"href":"http:\/\/www.lefolan.com\/fr\/wp-json\/wp\/v2\/categories?post=406"},{"taxonomy":"post_tag","embeddable":true,"href":"http:\/\/www.lefolan.com\/fr\/wp-json\/wp\/v2\/tags?post=406"}],"curies":[{"name":"wp","href":"https:\/\/api.w.org\/{rel}","templated":true}]}}