{"id":414,"date":"2019-08-19T21:00:10","date_gmt":"2019-08-19T19:00:10","guid":{"rendered":"http:\/\/www.lefolan.com\/fr\/?p=414"},"modified":"2019-08-30T08:45:58","modified_gmt":"2019-08-30T06:45:58","slug":"en-guinee-syligate-les-avocats-damadou-diaby-parlent-dacharnement-contre-leur-client","status":"publish","type":"post","link":"http:\/\/www.lefolan.com\/fr\/2019\/08\/19\/en-guinee-syligate-les-avocats-damadou-diaby-parlent-dacharnement-contre-leur-client\/","title":{"rendered":"EN GUIN\u00c9E:  Syligate, Les Avocats d&rsquo;Amadou Diaby Parlent d&rsquo;acharnement Contre leur Client."},"content":{"rendered":"\n<p>Condamn\u00e9 hier vendredi 16 ao\u00fbt 2019 \u00e0 7 ans dont 5 ans\u00a0 ferme et une amende de 25 000 euros\u00a0 d&rsquo;exercer toutes activit\u00e9s li\u00e9e au football\u00a0 par la Commission d\u2019\u00e9thique de la F\u00e9d\u00e9ration Guin\u00e9enne de Football, le collectif des avocats d&rsquo;Amadou Diaby \u00e9tait face \u00e0 la presse ce samedi 17 ao\u00fbt 2019 \u00e0 la maison de la presse\u00a0 pour apporter des pr\u00e9cision dans cette affaire.<\/p>\n\n\n\n<!--more-->\n\n\n\n<p> A l&rsquo;entame de sa communication, Ma\u00eetre Malick Ibrahim, avocat inscrit au barreau du Mali\u00a0 a indiqu\u00e9 que\u00a0 leur client a appris cette d\u00e9cision avec beaucoup d&rsquo;\u00e9tonnement.\u00a0 \u201cCe qui se passe, c&rsquo;est que vous devez savoir que Amadou Diaby, 1er\u00a0 vice-pr\u00e9sident de la f\u00e9d\u00e9ration guin\u00e9enne\u00a0 du football a \u00e9t\u00e9 abasourdi d&rsquo;apprendre par voie de presse une interdiction \u00e0 son encontre d&rsquo;exercer toute activit\u00e9 li\u00e9e au sport pour 7 ans dont 5 ans ferme et une amende de 25 milles euros par un tract imput\u00e9 \u00e0 la commission d&rsquo;\u00e9thique de la f\u00e9d\u00e9ration guin\u00e9enne du football et ce, sans avoir \u00e9t\u00e9 attendu et pass\u00e9 par la proc\u00e9dure de\u00a0 jugement en violation flagrante des dispositions des articles 67 \u00e0 77 du code d&rsquo;\u00e9thique de la f\u00e9d\u00e9ration guin\u00e9enne de football du 27 mai 2019. Poursuivant,\u00a0 \u00a0Ma\u00eetre Malick Ibrahim\u00a0 a\u00a0 qualifi\u00e9 cette d\u00e9cision de la commission d&rsquo;\u00e9thique de c\u00e2ble.\u00a0 \u00a0\u201c<\/p>\n\n\n\n<p> Cette d\u00e9cision que nous consid\u00e9rons comme une cabale, usant modus operandi que la d\u00e9cision de suspension provisoire n\u00b002, 07, 09\u00a0 du 29 juin 2019\u00a0 prise contre M. Amadou Diaby\u00a0 sans avoir \u00e9t\u00e9 entendu alors qu&rsquo;il \u00e9tait en dehors du territoire guin\u00e9en par la commission d&rsquo;\u00e9thique sur la simple foi de d\u00e9nonciation calomnieuse de M. Paul Put, ex entra\u00eeneur du Syli National\u00a0 dont la primeur fut curieusement r\u00e9serv\u00e9e \u00e0 Guineenew, organe de presse dont le Directeur n&rsquo;est autre que le pr\u00e9sident de la commission d&rsquo;\u00e9thique, n&rsquo;a gu\u00e8re surpris M. Amadou Diaby qui est serein est reste confiant que cette d\u00e9cision injuste et sans fondement sera sanctionn\u00e9 par toute structure s\u00e9rieuse et professionnelles de l&rsquo;\u00e9thique\u201d a soulign\u00e9. \u00a0A en croire\u00a0 ma\u00eetre\u00a0 Malick, cette affaire est un acharnement de certains membres de la commission d&rsquo;\u00e9thique, notamment le pr\u00e9sident M. Amadou Tham Camara\u00a0 \u00a0contre leur contre leur client. \u201c<\/p>\n\n\n\n<p> La chronologie des faits, la boulimie et les fr\u00e9n\u00e9sies entourant l&rsquo;annonce des sanctions provisoires et d\u00e9finitives par le tract contre M.Amadou Diaby, la non tenue de la proc\u00e9dure de jugement par la commission d&rsquo;\u00e9thique, la d\u00e9claration par le rapport d&rsquo;instruction que M. Amadou Diaby est pr\u00e9sum\u00e9 corrompu, la d\u00e9claration par le rapport de fin d&rsquo;instruction que la condamnation de M. Amadou Diaby est fond\u00e9e sur le libre arbitre de la commission d&rsquo;\u00e9thique le sanctionnant \u00e0 sa fantaisie,  \u00e9rig\u00e9es par le pr\u00e9sident de cette commission d&rsquo;\u00e9thique pour emp\u00eacher toute confrontation contradictoire devant la commission,d&rsquo;\u00e9thique  <\/p>\n\n\n\n<p> entre M. Amadou Diaby et M.Paut le 07\/08 \/2019, la fuite de M. Paut Put d\u00e8s le le demain 08\/08\/2019 r\u00e9\u00e9lection  le 16 ao\u00fbt 2019 par son propre huissier instrumentiste, l&rsquo;absence\u00a0 manifeste de preuves ou indices de corruption\u00a0 imputables ou rattachables \u00e0 M. Amadou Diaby par M. Paul Put et ou la commission d&rsquo;\u00e9thique, les atermoiements du pr\u00e9sident de la commission d&rsquo;\u00e9thique \u00e0 l&rsquo;\u00e9gard de M.Paul Put, la fuite M. Paul Put sans son audition contradictoire devant M. Amadou Diaby, indiquent sur le peu de\u00a0 s\u00e9rieux, dont les d\u00e9clarations sont sans fondement y compris des d\u00e9cisions prises contre M. Amadou Diaby. En m\u00eame temps qu&rsquo;ils sont expressifs de l&rsquo;aspect immerg\u00e9 de l&rsquo;iceberg de r\u00e8glement de compte, d\u2019acharnement gratuit, de cabale, de calomnies, de complotisme immorales et triviales dont la modeste personne de M. Amadou Diaby est l&rsquo;objet de cible\u00a0\u00bb a d\u00e9clar\u00e9. <\/p>\n\n\n\n<p>Mamadouba Camara <\/p>\n\n\n\n<p>Journaliste du site www.lefolan.com<\/p>\n","protected":false},"excerpt":{"rendered":"<div class=\"mh-excerpt\"><p>Condamn\u00e9 hier vendredi 16 ao\u00fbt 2019 \u00e0 7 ans dont 5 ans\u00a0 ferme et une amende de 25 000 euros\u00a0 d&rsquo;exercer toutes activit\u00e9s li\u00e9e au <a class=\"mh-excerpt-more\" href=\"http:\/\/www.lefolan.com\/fr\/2019\/08\/19\/en-guinee-syligate-les-avocats-damadou-diaby-parlent-dacharnement-contre-leur-client\/\" title=\"EN GUIN\u00c9E:  Syligate, Les Avocats d&rsquo;Amadou Diaby Parlent d&rsquo;acharnement Contre leur Client.\">[&#8230;]<\/a><\/p>\n<\/div>","protected":false},"author":1,"featured_media":421,"comment_status":"open","ping_status":"open","sticky":false,"template":"","format":"standard","meta":[],"categories":[8],"tags":[],"_links":{"self":[{"href":"http:\/\/www.lefolan.com\/fr\/wp-json\/wp\/v2\/posts\/414"}],"collection":[{"href":"http:\/\/www.lefolan.com\/fr\/wp-json\/wp\/v2\/posts"}],"about":[{"href":"http:\/\/www.lefolan.com\/fr\/wp-json\/wp\/v2\/types\/post"}],"author":[{"embeddable":true,"href":"http:\/\/www.lefolan.com\/fr\/wp-json\/wp\/v2\/users\/1"}],"replies":[{"embeddable":true,"href":"http:\/\/www.lefolan.com\/fr\/wp-json\/wp\/v2\/comments?post=414"}],"version-history":[{"count":4,"href":"http:\/\/www.lefolan.com\/fr\/wp-json\/wp\/v2\/posts\/414\/revisions"}],"predecessor-version":[{"id":446,"href":"http:\/\/www.lefolan.com\/fr\/wp-json\/wp\/v2\/posts\/414\/revisions\/446"}],"wp:featuredmedia":[{"embeddable":true,"href":"http:\/\/www.lefolan.com\/fr\/wp-json\/wp\/v2\/media\/421"}],"wp:attachment":[{"href":"http:\/\/www.lefolan.com\/fr\/wp-json\/wp\/v2\/media?parent=414"}],"wp:term":[{"taxonomy":"category","embeddable":true,"href":"http:\/\/www.lefolan.com\/fr\/wp-json\/wp\/v2\/categories?post=414"},{"taxonomy":"post_tag","embeddable":true,"href":"http:\/\/www.lefolan.com\/fr\/wp-json\/wp\/v2\/tags?post=414"}],"curies":[{"name":"wp","href":"https:\/\/api.w.org\/{rel}","templated":true}]}}