{"id":429,"date":"2019-08-25T19:41:40","date_gmt":"2019-08-25T17:41:40","guid":{"rendered":"http:\/\/www.lefolan.com\/fr\/?p=429"},"modified":"2019-08-30T08:41:17","modified_gmt":"2019-08-30T06:41:17","slug":"mis-en-examens-du-doyen-souleymane-diallo-et-daboubacar-bah-les-journalistes-entendent-organiser-un-si-tin-devant-la-hac","status":"publish","type":"post","link":"http:\/\/www.lefolan.com\/fr\/2019\/08\/25\/mis-en-examens-du-doyen-souleymane-diallo-et-daboubacar-bah-les-journalistes-entendent-organiser-un-si-tin-devant-la-hac\/","title":{"rendered":"Mis en examens du  Doyen Souleymane Diallo et d&rsquo;Aboubacar Bah : Les Journalistes entendent Organiser un si-tin devant la HAC!"},"content":{"rendered":"\n<p>\nLes\nAssociations de Presse et le Syndical de la presse priv\u00e9e de Guin\u00e9e\ncomptent organiser un si-tin , le lundi prochain, devant la Haute\nAutorit\u00e9 de la Communication. L&rsquo;objectif de ce si-tin est\nd&rsquo;interpeller les commissaires de la HAC sur l&rsquo;arrestation \u00e0\nrep\u00e9tition des hommes de m\u00e9dias, notamment cas du doyen Soulemane\nDiallo, Fondateur du groupe de presse lynx lance et le Aboubacry Bah\nDirecteur g\u00e9n\u00e9ral de la radio lynx Fm. L&rsquo;annonce a \u00e9t\u00e9 faite ce\nvendredi 23 a\u00f4ut 2019 \u00e0 travers une conf\u00e9rence de presse.&nbsp;<\/p>\n\n\n\n<!--more-->\n\n\n\n<p>\nPour\nle secr\u00e9taire g\u00e9n\u00e9ral du syndicat de la priv\u00e9e de Guin\u00e9e, Sidy\nDiallo, la presse Guin\u00e9enne entrain de traverser une situation\ndifficile avec l&rsquo;interpellation en cascade des hommes de m\u00e9dias.&nbsp;<\/p>\n\n\n\n<p>\u201cLa\npresse Guin\u00e9enne traverse aujourd&rsquo;hui, une situation tr\u00e8s&nbsp;\ndifficile dans notre pays. Et cette situation&nbsp; nous inqui\u00e8te et\nnous interpelle. Ces derniers temps, vous avez vu,&nbsp; plusieurs&nbsp;\njournalistes&nbsp; ont \u00e9t\u00e9 convoqu\u00e9s&nbsp; \u00e0 la DPJ ( Direction\nde la Police Judiciaire) de Conakry. Nous pouvons dire que&nbsp; ces\ndeux derniers mois plus de dix (10) ont d\u00e9fil\u00e9 \u00e0 la DPJ. La\nplupart des journalistes, s&rsquo;ils sont convoqu\u00e9s la-ba , c&rsquo;est dans\nl&rsquo;exercice de leur travail. On a jamais&nbsp; entendu un journaliste\nqui a vol\u00e9 ou tu\u00e9&nbsp; quelqu&rsquo;un ou qui a fait un crime pour se\nretrouver \u00e0 la DPJ. L&rsquo;interess\u00e9 est toujours dans l&rsquo;exercice de son\nm\u00e9tier. Pour nous, trop,&nbsp; c&rsquo;est trop. Nous savons tous, qu&rsquo;il y\na une loi portant \u00e0 la libert\u00e9 de la presse. Mais malheureusement\nla loi L002 est entrain d&rsquo;\u00eatre pi\u00e9tin\u00e9e aujourd&rsquo;hui, au profit\nd&rsquo;une autre loi sur la cybercriminalit\u00e9. Une loi o\u00f9\nmalheureusement,&nbsp; les autorit\u00e9s du pays se servent pour foutre\nles journalistes en prison\u00a0\u00bb a d\u00e9plor\u00e9.<\/p>\n\n\n\n<p>\nSelon\nSidy Diallo l&rsquo;objectif ce si-tin est d&rsquo;interpeller la Haute Autorit\u00e9\nde la Communication \u00e0 jouer son r\u00f4le .<\/p>\n\n\n\n<p>\u201cParce\nque pour nous,&nbsp; si la HAC joue bien son r\u00f4le, on ne va pas te\nretrouver l\u00e0. Pour nous, la HAC a presque le pouvoir plus que\nn&rsquo;importe qui pour regler n&rsquo;importe quel probl\u00e8me li\u00e9 au m\u00e9tier de\npresse. Si un journaliste est fautif, si on parle de diffamation, si\non parle de n&rsquo;importe quel probl\u00e8me li\u00e9 au m\u00e9tier de presse ,la\nHAC a le pouvoir de suspendre l&rsquo;\u00e9mission, de fermer une radio, elle\npeut m\u00eame retirer la carte professionnelle au journaliste. Pour\nnous, si journaliste a un probl\u00e8me, la premi\u00e8re voie \u00e0 suivre,\nc&rsquo;est bien la HAC.Mais, on n&rsquo;oblige pas co\u00fbt que co\u00fbt, mais si les\ngens ne veulent plus aller \u00e0 la HAC, cas quand qu&rsquo;on arr\u00eate de\ntraduire les journalistes \u00e0 la DPJ. Parce que pour nous,\u00e0&nbsp; la\nDPJ, c&rsquo;est la-ba o\u00f9 on convoque les criminels, mais on n&rsquo;a pas a \nfaire \u00e0 des criminels, on a \u00e0 affaire avec les journalistes qui\nsont connus et identifi\u00e9s.&nbsp;<\/p>\n\n\n\n<p>\nA\nen croire le secr\u00e9taire g\u00e9n\u00e9ral du syndicat de la presse priv\u00e9e\nde Guin\u00e9e, toutes dispositions sont prises pour la r\u00e9ussite de ce\nsit-in .<\/p>\n\n\n\n<p>\u201cNous\nvoulons organiser ce si-tin le lundi, la lettre d&rsquo;information est\nd\u00e9j\u00e0 d\u00e9pos\u00e9e \u00e0 la mairie de Kaloum. Nous avons choisi la date du\nlundi pour respecter le d\u00e9lai de 3 jours conform\u00e9ment \u00e0 la loi.\nMais , nous allons profiter l\u2019occasion pour insister&nbsp; sur un\nfait, on n&rsquo;organise pas ce si-tin pour aller insulter Paul ou Pierre.\nOn n&rsquo;organise ce si-tin pour aller manquer&nbsp; \u00e0 la dignit\u00e9 des\ngens, c&rsquo;est juste un si-tin o\u00f9 nous allons profiter de l\u2019occasion\npour rappeler \u00e0 ses commissaires leur responsabilit\u00e9 et inviter les\nplaignants \u00e0 aller vers la HAC en cas de probl\u00e8me. Nous demandons\nla mobilisation de tous les journalistes de venir humblement et\nrespectueusement sans violence, sans insulte pour exprimer leur\nras-le sol\u201d a t-il soulign\u00e9.&nbsp;<\/p>\n\n\n\n<p>Mamadouba\nCamara<\/p>\n\n\n\n<p>Journaliste\ndu site www.lefolan.com<\/p>\n","protected":false},"excerpt":{"rendered":"<div class=\"mh-excerpt\"><p>Les Associations de Presse et le Syndical de la presse priv\u00e9e de Guin\u00e9e comptent organiser un si-tin , le lundi prochain, devant la Haute Autorit\u00e9 <a class=\"mh-excerpt-more\" href=\"http:\/\/www.lefolan.com\/fr\/2019\/08\/25\/mis-en-examens-du-doyen-souleymane-diallo-et-daboubacar-bah-les-journalistes-entendent-organiser-un-si-tin-devant-la-hac\/\" title=\"Mis en examens du  Doyen Souleymane Diallo et d&rsquo;Aboubacar Bah : Les Journalistes entendent Organiser un si-tin devant la HAC!\">[&#8230;]<\/a><\/p>\n<\/div>","protected":false},"author":1,"featured_media":432,"comment_status":"open","ping_status":"open","sticky":false,"template":"","format":"standard","meta":[],"categories":[8],"tags":[],"_links":{"self":[{"href":"http:\/\/www.lefolan.com\/fr\/wp-json\/wp\/v2\/posts\/429"}],"collection":[{"href":"http:\/\/www.lefolan.com\/fr\/wp-json\/wp\/v2\/posts"}],"about":[{"href":"http:\/\/www.lefolan.com\/fr\/wp-json\/wp\/v2\/types\/post"}],"author":[{"embeddable":true,"href":"http:\/\/www.lefolan.com\/fr\/wp-json\/wp\/v2\/users\/1"}],"replies":[{"embeddable":true,"href":"http:\/\/www.lefolan.com\/fr\/wp-json\/wp\/v2\/comments?post=429"}],"version-history":[{"count":2,"href":"http:\/\/www.lefolan.com\/fr\/wp-json\/wp\/v2\/posts\/429\/revisions"}],"predecessor-version":[{"id":442,"href":"http:\/\/www.lefolan.com\/fr\/wp-json\/wp\/v2\/posts\/429\/revisions\/442"}],"wp:featuredmedia":[{"embeddable":true,"href":"http:\/\/www.lefolan.com\/fr\/wp-json\/wp\/v2\/media\/432"}],"wp:attachment":[{"href":"http:\/\/www.lefolan.com\/fr\/wp-json\/wp\/v2\/media?parent=429"}],"wp:term":[{"taxonomy":"category","embeddable":true,"href":"http:\/\/www.lefolan.com\/fr\/wp-json\/wp\/v2\/categories?post=429"},{"taxonomy":"post_tag","embeddable":true,"href":"http:\/\/www.lefolan.com\/fr\/wp-json\/wp\/v2\/tags?post=429"}],"curies":[{"name":"wp","href":"https:\/\/api.w.org\/{rel}","templated":true}]}}