{"id":481,"date":"2019-09-15T17:28:38","date_gmt":"2019-09-15T15:28:38","guid":{"rendered":"http:\/\/www.lefolan.com\/fr\/?p=481"},"modified":"2019-09-16T16:16:55","modified_gmt":"2019-09-16T14:16:55","slug":"en-guinee-le-top5-du-meilleur-chanteur-de-lannee-les-organisateurs-annoncent-les-couleurs","status":"publish","type":"post","link":"http:\/\/www.lefolan.com\/fr\/2019\/09\/15\/en-guinee-le-top5-du-meilleur-chanteur-de-lannee-les-organisateurs-annoncent-les-couleurs\/","title":{"rendered":"EN GUINEE LE Top5 du Meilleur Chanteur de l&rsquo;ann\u00e9e:  Les Organisateurs Annoncent les Couleurs.\u00a0"},"content":{"rendered":"\n<p>&nbsp;Les\nresponsables du \u201dJournal Podium Magazine\u00a0\u00bb ont proc\u00e9d\u00e9 au\nlancement des activit\u00e9s de la 10\u00e8me \u00e9dition du Top 5 Podium\nMagazine&nbsp; du meilleur chanteur de l&rsquo;ann\u00e9e ce samedi, 14\nseptembre 2019 \u00e0 la maison de la presse.&nbsp;<\/p>\n\n\n\n<p>\nSelon\nIbrahima Marco Bah, Directeur du Magazine Podium, cet \u00e9v\u00e9nement&nbsp;\nvise \u00e0 r\u00e9compenser les meilleurs artistes qui se sont distingu\u00e9s \u00e0\ntravers leurs \u0153uvres au cours de l&rsquo;ann\u00e9e.<\/p>\n\n\n\n<!--more-->\n\n\n\n<p>&nbsp;\u00ab\u00a0Le\njournal culturel podium Magazine c\u00e9l\u00e8bre cette ann\u00e9e, la 10\u00e8me\n\u00e9dition du TOP DE GUIN\u00c9E qui met en avant un chanteur ou une\nchanteuse qui gagne le tromp\u00e9e du meilleur \u00e0 travers des crit\u00e8res\nde choix des professionnels du secteur et des m\u00e9dias Guin\u00e9ens.Le\nTOP 5 de Guin\u00e9e r\u00e9compense les cinq meilleurs&nbsp; artistes de\nl&rsquo;ann\u00e9e \u00e0 travers leurs \u0153uvres musicales. Ces \u0153uvres musicales\ndoivent \u00eatre enregistr\u00e9es au BGDA, \u00e7a doit \u00eatre un album entier.\nC&rsquo;est-\u00e0-dire, si vous sortez un sigle qui vous donne un disque d&rsquo;or,\n\u00e7a nous int\u00e9resse pas parce que nous,&nbsp; ici, il s&rsquo;agit d&rsquo;un\nalbum entier. Ensuite, l&rsquo;autre crit\u00e8re le plus important et\nindispensable c&rsquo;est qu&rsquo;il faut faire la musique Guin\u00e9enne. \n<\/p>\n\n\n\n<p>Les\ncrit\u00e8res sont clairs : si quelqu&rsquo;un fait de l&rsquo;Afrobut, tu fais de\ncoup\u00e9e d\u00e9cal\u00e9e, tu fais tout ce qui est ailleurs, tu ne fais pas\npartir&nbsp; de Top 5 a t-il pr\u00e9cis\u00e9.&nbsp;<\/p>\n\n\n\n<p>\nPoursuivant,\nM. Marco a indiqu\u00e9 que cette 10\u00e8me porte le nom Fod\u00e9ba Isto Keira,\npour son combat pour le rayonnement&nbsp;de la culture Guin\u00e9enne.<\/p>\n\n\n\n<p>\n\u00a0\u00bb\nComme d&rsquo;habitude le troph\u00e9e porte le nom d&rsquo;un homme ou d&rsquo;une femme\nqui s\u2019investit dans la culture&nbsp; Ainsi, apr\u00e8s Ke\u00efta Fod\u00e9ba,\nItalo Zambo, Aboubacar Demba Camara, deux fois, Mory Kant\u00e9 deux\nfois, Kerfalla Camara KPC et Binta Laali Sow, la r\u00e9daction a donn\u00e9\nle nom du troph\u00e9e \u00e0 Fod\u00e9ba Isto Keira, op\u00e9rateur culturel ayant\nfait ses preuves, et actuel secr\u00e9taire g\u00e9n\u00e9ral du minist\u00e8re en\ncharge de la culture\u00a0\u00bb a t-il soulign\u00e9.<\/p>\n\n\n\n<p>\nPr\u00e9sent\n\u00e0 cette conf\u00e9rence, Fod\u00e9ba Isto Keira, n&rsquo;a pas manqu\u00e9 d&rsquo;exprimer\nla joie.&nbsp;<\/p>\n\n\n\n<p>\n\u00ab\u00a0J&rsquo;ai\nun sentiment de joie et fiert\u00e9 que cette 10\u00e8me \u00e9dition porte mon\nnom . Parce que nous sommes dans un pays o\u00f9 l\u2019hypocrite sociale\ncr\u00e9\u00e9e et entretenue&nbsp; par les Guin\u00e9ens fait qu&rsquo;on c\u00e9l\u00e8bre\nles gens que lorsqu&rsquo;ils sont d\u00e9c\u00e9d\u00e9. Je suis tout heureux\naujourd&rsquo;hui que de mon vivant qu&rsquo;une structure pense \u00e0 la modeste\npersonne pour que ce troph\u00e9 porte mon nom s&rsquo;est -il r\u00e9joui.<\/p>\n\n\n\n<p>\nMamadouba\nCmara<\/p>\n\n\n\n<p>\nJournaliste\ndu site www.lefolan. com<\/p>\n","protected":false},"excerpt":{"rendered":"<div class=\"mh-excerpt\"><p>&nbsp;Les responsables du \u201dJournal Podium Magazine\u00a0\u00bb ont proc\u00e9d\u00e9 au lancement des activit\u00e9s de la 10\u00e8me \u00e9dition du Top 5 Podium Magazine&nbsp; du meilleur chanteur de <a class=\"mh-excerpt-more\" href=\"http:\/\/www.lefolan.com\/fr\/2019\/09\/15\/en-guinee-le-top5-du-meilleur-chanteur-de-lannee-les-organisateurs-annoncent-les-couleurs\/\" title=\"EN GUINEE LE Top5 du Meilleur Chanteur de l&rsquo;ann\u00e9e:  Les Organisateurs Annoncent les Couleurs.\u00a0\">[&#8230;]<\/a><\/p>\n<\/div>","protected":false},"author":1,"featured_media":484,"comment_status":"open","ping_status":"open","sticky":false,"template":"","format":"standard","meta":[],"categories":[7],"tags":[],"_links":{"self":[{"href":"http:\/\/www.lefolan.com\/fr\/wp-json\/wp\/v2\/posts\/481"}],"collection":[{"href":"http:\/\/www.lefolan.com\/fr\/wp-json\/wp\/v2\/posts"}],"about":[{"href":"http:\/\/www.lefolan.com\/fr\/wp-json\/wp\/v2\/types\/post"}],"author":[{"embeddable":true,"href":"http:\/\/www.lefolan.com\/fr\/wp-json\/wp\/v2\/users\/1"}],"replies":[{"embeddable":true,"href":"http:\/\/www.lefolan.com\/fr\/wp-json\/wp\/v2\/comments?post=481"}],"version-history":[{"count":2,"href":"http:\/\/www.lefolan.com\/fr\/wp-json\/wp\/v2\/posts\/481\/revisions"}],"predecessor-version":[{"id":499,"href":"http:\/\/www.lefolan.com\/fr\/wp-json\/wp\/v2\/posts\/481\/revisions\/499"}],"wp:featuredmedia":[{"embeddable":true,"href":"http:\/\/www.lefolan.com\/fr\/wp-json\/wp\/v2\/media\/484"}],"wp:attachment":[{"href":"http:\/\/www.lefolan.com\/fr\/wp-json\/wp\/v2\/media?parent=481"}],"wp:term":[{"taxonomy":"category","embeddable":true,"href":"http:\/\/www.lefolan.com\/fr\/wp-json\/wp\/v2\/categories?post=481"},{"taxonomy":"post_tag","embeddable":true,"href":"http:\/\/www.lefolan.com\/fr\/wp-json\/wp\/v2\/tags?post=481"}],"curies":[{"name":"wp","href":"https:\/\/api.w.org\/{rel}","templated":true}]}}