{"id":542,"date":"2019-09-27T23:15:57","date_gmt":"2019-09-27T21:15:57","guid":{"rendered":"http:\/\/www.lefolan.com\/fr\/?p=542"},"modified":"2019-09-30T11:33:29","modified_gmt":"2019-09-30T09:33:29","slug":"haro-sur-le-report-de-la-fete-de-lindependance-du-2-octobre-2019","status":"publish","type":"post","link":"http:\/\/www.lefolan.com\/fr\/2019\/09\/27\/haro-sur-le-report-de-la-fete-de-lindependance-du-2-octobre-2019\/","title":{"rendered":"Haro sur le report de la f\u00eate de l\u2019ind\u00e9pendance du 2 octobre 2019."},"content":{"rendered":"\n<p>A\nquelques jours des festivit\u00e9s li\u00e9es \u00e0 la f\u00eate de l\u2019ind\u00e9pendance\n\u00ab Kindia 2019 \u00bb, le ministre de l\u2019administration du territoire,\nvient d\u2019annoncer le report, au motif du retard pris dans\nl\u2019ex\u00e9cution des travaux. C\u2019est ahurissant et scandaleux \u00e0 la\nfois.<\/p>\n\n\n\n<!--more-->\n\n\n\n<p>Pis, il reporte l\u2019organisation de ladite f\u00eate dans un an, et au m\u00eame endroit. C\u2019est comme si rien n\u2019a \u00e9t\u00e9 fait ni pr\u00e9vu.<\/p>\n\n\n\n<p>Il n\u2019y a pas de responsable ni de sanction. Il n\u2019y a m\u00eame pas de 1er ministre ni de Pr\u00e9sident de la R\u00e9publique, pour annoncer une nouvelle aussi tragique.<\/p>\n\n\n\n<p>O\u00f9 sont le cahier des charges et le calendrier d\u2019ex\u00e9cution des travaux, sous la supervision des cabinets retenus, et des structures \u00e9tatiques de contr\u00f4le et de suivi ?<\/p>\n\n\n\n<p>La m\u00eame question se pose pour les r\u00e9sultats d\u00e9sastreux du c\u00f4t\u00e9 de l\u2019\u00e9nergie, de l\u2019agriculture et des infrastructures, o\u00f9 des milliards d\u2019euros ont \u00e9t\u00e9 d\u00e9pens\u00e9s, sans aucune forme de compte \u00e0 rendre.<br>Les ministres sont toujours en place. Les entreprises d\u00e9faillantes du moment vont soumissionner \u00e0 nouveau, avec les m\u00eames ma\u00eetres d&rsquo;ouvrages, le m\u00eame mat\u00e9riel, des devis surestim\u00e9s, etc. La m\u00e9diocratie se mat\u00e9rialise.<\/p>\n\n\n\n<p>Le ministre Boureima Cond\u00e9 vient de faire la preuve de l\u2019incomp\u00e9tence du gouvernement actuel \u00e0 travers la d\u00e9magogie qui lui sied \u00e0 merveille \u00ab la comm\u00e9moration de cette date historique doit se d\u00e9rouler dans la grandeur infra structurelle, et dans la beaut\u00e9 artistique et culturelle, dignes de la signification de l\u2019\u00e9v\u00e9nement \u00bb.<\/p>\n\n\n\n<p>Avec de tels d\u00e9cideurs, l\u2019histoire et les symboles ne font plus partie de notre dignit\u00e9 recouvr\u00e9e.<br>Les probl\u00e8mes sont d\u00e9plac\u00e9s sur le terrain politique pour divertir les Guin\u00e9ens.<\/p>\n\n\n\n<p>Cette information qui devrait cr\u00e9er un toll\u00e9 g\u00e9n\u00e9ral, passe comme un non \u00e9v\u00e9nement. On ne parle que de r\u00e9vision, de constitution, de 3\u00e8me mandat, de consultations et d\u2019\u00e9lections.<\/p>\n\n\n\n<p>Le choix, c\u2019est la Guin\u00e9e. L\u2019adversaire, c\u2019est le pouvoir en place. Il ne faut pas se tromper de combat.<\/p>\n\n\n\n<p><br>Lamine Sylla<br>Secr\u00e9taire G\u00e9n\u00e9ral de la G\u00e9n\u00e9ration Citoyenne <\/p>\n","protected":false},"excerpt":{"rendered":"<div class=\"mh-excerpt\"><p>A quelques jours des festivit\u00e9s li\u00e9es \u00e0 la f\u00eate de l\u2019ind\u00e9pendance \u00ab Kindia 2019 \u00bb, le ministre de l\u2019administration du territoire, vient d\u2019annoncer le report, <a class=\"mh-excerpt-more\" href=\"http:\/\/www.lefolan.com\/fr\/2019\/09\/27\/haro-sur-le-report-de-la-fete-de-lindependance-du-2-octobre-2019\/\" title=\"Haro sur le report de la f\u00eate de l\u2019ind\u00e9pendance du 2 octobre 2019.\">[&#8230;]<\/a><\/p>\n<\/div>","protected":false},"author":1,"featured_media":544,"comment_status":"closed","ping_status":"open","sticky":false,"template":"","format":"standard","meta":[],"categories":[3],"tags":[],"_links":{"self":[{"href":"http:\/\/www.lefolan.com\/fr\/wp-json\/wp\/v2\/posts\/542"}],"collection":[{"href":"http:\/\/www.lefolan.com\/fr\/wp-json\/wp\/v2\/posts"}],"about":[{"href":"http:\/\/www.lefolan.com\/fr\/wp-json\/wp\/v2\/types\/post"}],"author":[{"embeddable":true,"href":"http:\/\/www.lefolan.com\/fr\/wp-json\/wp\/v2\/users\/1"}],"replies":[{"embeddable":true,"href":"http:\/\/www.lefolan.com\/fr\/wp-json\/wp\/v2\/comments?post=542"}],"version-history":[{"count":2,"href":"http:\/\/www.lefolan.com\/fr\/wp-json\/wp\/v2\/posts\/542\/revisions"}],"predecessor-version":[{"id":569,"href":"http:\/\/www.lefolan.com\/fr\/wp-json\/wp\/v2\/posts\/542\/revisions\/569"}],"wp:featuredmedia":[{"embeddable":true,"href":"http:\/\/www.lefolan.com\/fr\/wp-json\/wp\/v2\/media\/544"}],"wp:attachment":[{"href":"http:\/\/www.lefolan.com\/fr\/wp-json\/wp\/v2\/media?parent=542"}],"wp:term":[{"taxonomy":"category","embeddable":true,"href":"http:\/\/www.lefolan.com\/fr\/wp-json\/wp\/v2\/categories?post=542"},{"taxonomy":"post_tag","embeddable":true,"href":"http:\/\/www.lefolan.com\/fr\/wp-json\/wp\/v2\/tags?post=542"}],"curies":[{"name":"wp","href":"https:\/\/api.w.org\/{rel}","templated":true}]}}