{"id":549,"date":"2019-09-27T23:44:27","date_gmt":"2019-09-27T21:44:27","guid":{"rendered":"http:\/\/www.lefolan.com\/fr\/?p=549"},"modified":"2019-09-30T11:33:06","modified_gmt":"2019-09-30T09:33:06","slug":"la-communaute-malienne-de-guinee-celebre-le-59eme-anniversaire-de-lindependance-sous-le-signe-de-la-paix","status":"publish","type":"post","link":"http:\/\/www.lefolan.com\/fr\/2019\/09\/27\/la-communaute-malienne-de-guinee-celebre-le-59eme-anniversaire-de-lindependance-sous-le-signe-de-la-paix\/","title":{"rendered":"La communaut\u00e9 Malienne de Guin\u00e9e c\u00e9l\u00e8bre le 59\u00e8me anniversaire de l&rsquo;ind\u00e9pendance\u00a0 sous le signe de la paix"},"content":{"rendered":"\n<p><strong>La communaut\u00e9&nbsp; Malienne de Guin\u00e9e \u00e0 l&rsquo;instar des autres communaut\u00e9s Maliennes du monde, a c\u00e9l\u00e9br\u00e9, le 59 \u00e8me anniversaire de l&rsquo;ind\u00e9pendance de la R\u00e9publique de Mali, dimanche 22 septembre 2019 . En Guin\u00e9e, c&rsquo;est la r\u00e9sidence de l&rsquo;ambassadeur, sise \u00e0 la Camayenne dans la commune de Dixinn qui a servi de cadre \u00e0 la c\u00e9l\u00e9bration du 59 anniversaire de la souverainet\u00e9 nationale du Mali .<\/strong><\/p>\n\n\n\n<!--more-->\n\n\n\n<p>\nDans\nson intervention, le pr\u00e9sident de l&rsquo;Association \u201dVision Nouvelle\u00a0\u00bb\na rendu vibrant hommage aux p\u00e8res de l&rsquo;ind\u00e9pendance du Mali avant\nd&rsquo;inviter les Maliens au l&rsquo;unit\u00e9 et au patriotisme&nbsp; .&nbsp;<\/p>\n\n\n\n<p>\u201cJe\nsuis fi\u00e8re de m&rsquo;adresser en tant que fils du Mali en jour o\u00f9 notre\npays, a acc\u00e9d\u00e9 \u00e0 la souverainet\u00e9 nationale, gr\u00e2ce au sacrifice\ndes&nbsp; hommes et des femmes qui se sont battus pour l&rsquo;ind\u00e9pendance\nde notre pays le Mali. 22 septembre 1960, 22 septembre 2019, il y a\nd\u00e9j\u00e0 59 ans jour pour jour, nous sommes un \u00c9tat ind\u00e9pendant.\nAinsi, nous sommes&nbsp; interpell\u00e9s tous \u00e0 \u00eatre au service de ce\npays \u00e0 travers les actes et le respect strict au tricolore de notre\npays :le vert, le jaune et le rouge qui constitue sans nul doute, le\nsymb\u00f4le immuable de notre identit\u00e9 et notre appartenance aux id\u00e9aux\ndes p\u00e8res de l&rsquo;ind\u00e9pendance, mais aussi et surtout le patriotisme\ndont nous sommes tous appel\u00e9s \u00e0 faire quelques jours pour rendre\nhommage \u00e0 ses pionniers ainsi que ceux qui sont tomb\u00e9s au champs\nd&rsquo;honneur pour la sauvegarde et la protection du Mali\u00a0\u00bb a t-il\nindiqu\u00e9.<\/p>\n\n\n\n<p>\nPar\nailleurs, cette c\u00e9r\u00e9monie a \u00e9t\u00e9 mise \u00e0 profit pour r\u00e9concilier\nl&rsquo;ancien pr\u00e9sident du haut conseil des Maliens de Guin\u00e9e M. Aliou\nTraor\u00e9 et l&rsquo;actuel pr\u00e9sident M. Mohamed Sidib\u00e9 apr\u00e8s plusieurs\nann\u00e9es de d\u00e9saccord, gr\u00e2ce \u00e0 la m\u00e9diation de l&rsquo;ambassadeur du\nMali.&nbsp;<\/p>\n\n\n\n<p>\u201cPour\nla premi\u00e8re fois depuis trois d\u00e9cennies que les Maliens de Guin\u00e9e\ncommunient dans l&rsquo;union et la coh\u00e9sion, une \u00e9tape de haute port\u00e9e\npatriotique nous le devons \u00e0 un homme qui, tous les jours, nous\nenseigne&nbsp; des valeurs cardinales du vivre ensemble et du sens\n\u00e9lev\u00e9 de la responsabilit\u00e9. Un homme qui, tr\u00e8s humblement \u00e9coute,\ndialogue et conseille. Il s&rsquo;agit de M. Modibo Traor\u00e9, ambassadeur du\nMali en Guin\u00e9e. Cette unit\u00e9 durement acquise a \u00e9t\u00e9 possible gr\u00e2ce\n\u00e0 la disponibilit\u00e9 et l&rsquo;esprit de consensus de mon pr\u00e9d\u00e9cesseur\net pr\u00e9sident de l&rsquo;Association\u00a0\u00bbVision Nouvelle\u00a0\u00bb M. Aliou\nTraor\u00e9 a d\u00e9clar\u00e9 M. Mohamed Sidib\u00e9, pr\u00e9sident du conseil des\nMaliens de Guin\u00e9e.<\/p>\n\n\n\n<p>\nPoursuivant,le\npr\u00e9sident du haut conseil des Maliens de Guin\u00e9e a r\u00e9affirm\u00e9&nbsp;\nson engagement \u00e0 travailler main dans la main avec son pr\u00e9d\u00e9cesseur\npour le bonheur de la communaut\u00e9 Malienne vivant en Guin\u00e9e.&nbsp;<\/p>\n\n\n\n<p>\n\u00ab\u00a0Je\npeux affirmer aujourd&rsquo;hui en ma qualit\u00e9 de haut conseil Malien de\nGuin\u00e9e que le r\u00eave de l&rsquo;Unit\u00e9 de la communaut\u00e9 Malienne est\ndevenu une r\u00e9alit\u00e9 et que les soubresauts que nous avons connus des\nann\u00e9es deviennent,&nbsp; d\u00e9sormais un mauvais souvenir.Oui, les\nMaliens de Guin\u00e9e sont ensemble, main dans la main pour relever les\ngrands d\u00e9fis du moment. Oui, nous allons b\u00e2tir ensemble une\ncommunaut\u00e9 forte au profit du haut conseil Maliens de l&rsquo;ext\u00e9rieur.\nC&rsquo;est pourquoi mon fr\u00e8re Aliou Traor\u00e9 et moi-m\u00eame, avons d\u00e9cid\u00e9\nen toute responsabilit\u00e9 d&rsquo;\u00e9teindre nos divergences et r\u00e9sister aux\npr\u00e9cisions de tout genre et de ne regarder qu&rsquo;une seule voie, le\nMali et l&rsquo;int\u00e9r\u00eat de la communaut\u00e9 Malienne\u00a0\u00bb a t-il martel\u00e9.&nbsp;<\/p>\n\n\n\n<p>\nDe\nson cot\u00e9, M. Modibo Traor\u00e9, l&rsquo;ambassadeur du Mali en Guin\u00e9e, s&rsquo;est\nr\u00e9joui de cette union retrouv\u00e9e entre M.Aliou Traor\u00e9 et Mohamd\nSidib\u00e9 avant d&rsquo;inviter les Maliens \u00e0 \u0153uvrer dans la consolidation\nde la paix et l&rsquo;unit\u00e9 nationale.&nbsp;<\/p>\n\n\n\n<p>\nIl\nfaut noter que cette c\u00e9r\u00e9monie s&rsquo;est clotur\u00e9e par la prestation\ndes artistes Guin\u00e9e et Maliens.<\/p>\n\n\n\n<p>\nMamadouba\nCamara<\/p>\n\n\n\n<p>\nJournaliste\ndu Site www.lefolan.com&nbsp;<\/p>\n\n\n\n<p><\/p>\n\n\n\n<figure class=\"wp-block-image\"><img alt=\"\"\/><\/figure>\n","protected":false},"excerpt":{"rendered":"<div class=\"mh-excerpt\"><p>La communaut\u00e9&nbsp; Malienne de Guin\u00e9e \u00e0 l&rsquo;instar des autres communaut\u00e9s Maliennes du monde, a c\u00e9l\u00e9br\u00e9, le 59 \u00e8me anniversaire de l&rsquo;ind\u00e9pendance de la R\u00e9publique de <a class=\"mh-excerpt-more\" href=\"http:\/\/www.lefolan.com\/fr\/2019\/09\/27\/la-communaute-malienne-de-guinee-celebre-le-59eme-anniversaire-de-lindependance-sous-le-signe-de-la-paix\/\" title=\"La communaut\u00e9 Malienne de Guin\u00e9e c\u00e9l\u00e8bre le 59\u00e8me anniversaire de l&rsquo;ind\u00e9pendance\u00a0 sous le signe de la paix\">[&#8230;]<\/a><\/p>\n<\/div>","protected":false},"author":1,"featured_media":551,"comment_status":"closed","ping_status":"open","sticky":false,"template":"","format":"standard","meta":[],"categories":[2],"tags":[],"_links":{"self":[{"href":"http:\/\/www.lefolan.com\/fr\/wp-json\/wp\/v2\/posts\/549"}],"collection":[{"href":"http:\/\/www.lefolan.com\/fr\/wp-json\/wp\/v2\/posts"}],"about":[{"href":"http:\/\/www.lefolan.com\/fr\/wp-json\/wp\/v2\/types\/post"}],"author":[{"embeddable":true,"href":"http:\/\/www.lefolan.com\/fr\/wp-json\/wp\/v2\/users\/1"}],"replies":[{"embeddable":true,"href":"http:\/\/www.lefolan.com\/fr\/wp-json\/wp\/v2\/comments?post=549"}],"version-history":[{"count":3,"href":"http:\/\/www.lefolan.com\/fr\/wp-json\/wp\/v2\/posts\/549\/revisions"}],"predecessor-version":[{"id":567,"href":"http:\/\/www.lefolan.com\/fr\/wp-json\/wp\/v2\/posts\/549\/revisions\/567"}],"wp:featuredmedia":[{"embeddable":true,"href":"http:\/\/www.lefolan.com\/fr\/wp-json\/wp\/v2\/media\/551"}],"wp:attachment":[{"href":"http:\/\/www.lefolan.com\/fr\/wp-json\/wp\/v2\/media?parent=549"}],"wp:term":[{"taxonomy":"category","embeddable":true,"href":"http:\/\/www.lefolan.com\/fr\/wp-json\/wp\/v2\/categories?post=549"},{"taxonomy":"post_tag","embeddable":true,"href":"http:\/\/www.lefolan.com\/fr\/wp-json\/wp\/v2\/tags?post=549"}],"curies":[{"name":"wp","href":"https:\/\/api.w.org\/{rel}","templated":true}]}}