{"id":584,"date":"2019-10-13T01:53:02","date_gmt":"2019-10-12T23:53:02","guid":{"rendered":"http:\/\/www.lefolan.com\/fr\/?p=584"},"modified":"2019-10-15T23:31:43","modified_gmt":"2019-10-15T21:31:43","slug":"violences-lors-des-manifestationsla-codhonm-lance-un-centre-de-documentation-et-de-monitoring-des-violences","status":"publish","type":"post","link":"http:\/\/www.lefolan.com\/fr\/2019\/10\/13\/violences-lors-des-manifestationsla-codhonm-lance-un-centre-de-documentation-et-de-monitoring-des-violences\/","title":{"rendered":"Violences lors des manifestations:la CODHONM lance un centre de documentation et de monitoring des violences."},"content":{"rendered":"\n<p>Suite\n\u00e0 l&rsquo;annonce du FNDC, appelant les Guin\u00e9ens \u00e0 la manifestation le\nlundi prochain, la CODHONM (Coalition des ONG de D\u00e9fense des Droits\nde l&rsquo;Homme contre un Nouveau Mandant) inqui\u00e9t\u00e9 des violences qui\npourraient en r\u00e9sulter,&nbsp; a officiellement lanc\u00e9, vendredi 11\noctobre 2019,&nbsp; un centre de documentation et de monitoring de\ntous les cas de violations des droits de l&rsquo;homme dans le contexte\npolitique en perspective.<\/p>\n\n\n\n<!--more-->\n\n\n\n<p>Ce\ncentre qui est d\u00e9j\u00e0 op\u00e9rationnel, va selon, les conf\u00e9renciers,\nsuivre et documenter tous les cas de violations de l&rsquo;homme\nenregistr\u00e9s sur le territoire national pendant ces moments de\ntroubles sociopolitiques.<\/p>\n\n\n\n<p>\u201cConscient\ndu fait que cette situation risque d&rsquo;occasionner de graves violations\ndes droits de l&rsquo;homme, le CODHONM a d\u00e9cid\u00e9 de la mise d&rsquo;un centre\nde documentation et de monitoring de tous les cas de violations des\ndroits de l&rsquo;homme dans le contexte politique en perspective.<\/p>\n\n\n\n<p>Le\nmoment venu, les complices, auteurs ou coauteurs de ces violations\ndocument\u00e9es seront poursuivis devant les juridictions nationales ou\ninternationales pour r\u00e9pondre de \n<\/p>\n\n\n\n<p>leurs\nactes\u00a0\u00bb Me. Fred\u00e9ric Fromou Loua, coordinateur CODHONM<\/p>\n\n\n\n<p>Poursuivant\n, le coordinateur de CODHONM a tenu \u00e0 pr\u00e9ciser.<\/p>\n\n\n\n<p>\u201c\nNous\ndemandons \u00e0 tous les citoyens qui seront victimes ou t\u00e9moins de cas\nde violations des droits de l&rsquo;homme d&rsquo;appeler le centre de monitoring\net de documentation \u00e0 travers les num\u00e9ros de t\u00e9l\u00e9phones\ndisponibles et op\u00e9rationnels: 627 23 24 53\/654 40 38 24\/662 41 04\n71\u201d a t-il soulign\u00e9&nbsp;.<\/p>\n\n\n\n<p>Par\nailleurs , le CODHONM rappelle,<\/p>\n\n\n\n<p>\u00ab\u00a0-Au\ngouvernement, son obligation de respecter, de promouvoir et de\nprot\u00e9ger les droits de l&rsquo;homme en toute circonstance,&nbsp;<\/p>\n\n\n\n<p>-Aux\nforces de d\u00e9fense et s\u00e9curit\u00e9 d&rsquo;observer un comportement\nr\u00e9publicain dans le cadre du maintien de l&rsquo;ordre et de veiller \u00e0 la\ns\u00e9curit\u00e9 des personnes et de leurs biens.<\/p>\n\n\n\n<p>-Aux\ncitoyens, d&rsquo;exercer de fa\u00e7on pacifique r\u00e9publicaine leur droit\nconstitutionnel de manifestation et de cort\u00e8ge contre toute forme\nd&rsquo;oppression et d&rsquo;ensevelissement.<\/p>\n\n\n\n<p>-\u00c0\nla justice, d&rsquo;exercer une fonction r\u00e9galienne conform\u00e9ment \u00e0 la\nloi \u00e0 son serment\u00a0\u00bb a t-il not\u00e9 .&nbsp;<\/p>\n\n\n\n<p>Mamadouba\nCamara \n<\/p>\n\n\n\n<p>Journaliste\nsite www.lefolan.com<\/p>\n\n\n\n<ul><li>\n\t\n<\/li><\/ul>\n\n\n\n<hr class=\"wp-block-separator\"\/>\n","protected":false},"excerpt":{"rendered":"<div class=\"mh-excerpt\"><p>Suite \u00e0 l&rsquo;annonce du FNDC, appelant les Guin\u00e9ens \u00e0 la manifestation le lundi prochain, la CODHONM (Coalition des ONG de D\u00e9fense des Droits de l&rsquo;Homme <a class=\"mh-excerpt-more\" href=\"http:\/\/www.lefolan.com\/fr\/2019\/10\/13\/violences-lors-des-manifestationsla-codhonm-lance-un-centre-de-documentation-et-de-monitoring-des-violences\/\" title=\"Violences lors des manifestations:la CODHONM lance un centre de documentation et de monitoring des violences.\">[&#8230;]<\/a><\/p>\n<\/div>","protected":false},"author":1,"featured_media":586,"comment_status":"open","ping_status":"open","sticky":false,"template":"","format":"standard","meta":[],"categories":[3],"tags":[],"_links":{"self":[{"href":"http:\/\/www.lefolan.com\/fr\/wp-json\/wp\/v2\/posts\/584"}],"collection":[{"href":"http:\/\/www.lefolan.com\/fr\/wp-json\/wp\/v2\/posts"}],"about":[{"href":"http:\/\/www.lefolan.com\/fr\/wp-json\/wp\/v2\/types\/post"}],"author":[{"embeddable":true,"href":"http:\/\/www.lefolan.com\/fr\/wp-json\/wp\/v2\/users\/1"}],"replies":[{"embeddable":true,"href":"http:\/\/www.lefolan.com\/fr\/wp-json\/wp\/v2\/comments?post=584"}],"version-history":[{"count":2,"href":"http:\/\/www.lefolan.com\/fr\/wp-json\/wp\/v2\/posts\/584\/revisions"}],"predecessor-version":[{"id":605,"href":"http:\/\/www.lefolan.com\/fr\/wp-json\/wp\/v2\/posts\/584\/revisions\/605"}],"wp:featuredmedia":[{"embeddable":true,"href":"http:\/\/www.lefolan.com\/fr\/wp-json\/wp\/v2\/media\/586"}],"wp:attachment":[{"href":"http:\/\/www.lefolan.com\/fr\/wp-json\/wp\/v2\/media?parent=584"}],"wp:term":[{"taxonomy":"category","embeddable":true,"href":"http:\/\/www.lefolan.com\/fr\/wp-json\/wp\/v2\/categories?post=584"},{"taxonomy":"post_tag","embeddable":true,"href":"http:\/\/www.lefolan.com\/fr\/wp-json\/wp\/v2\/tags?post=584"}],"curies":[{"name":"wp","href":"https:\/\/api.w.org\/{rel}","templated":true}]}}