{"id":613,"date":"2019-10-29T18:21:07","date_gmt":"2019-10-29T17:21:07","guid":{"rendered":"http:\/\/www.lefolan.com\/fr\/?p=613"},"modified":"2019-11-04T17:41:37","modified_gmt":"2019-11-04T16:41:37","slug":"projet-de-nouvelle-constitution-la-parole-est-a-la-defense","status":"publish","type":"post","link":"http:\/\/www.lefolan.com\/fr\/2019\/10\/29\/projet-de-nouvelle-constitution-la-parole-est-a-la-defense\/","title":{"rendered":"Projet de nouvelle constitution : la parole est \u00e0 la d\u00e9fense"},"content":{"rendered":"\n<p><em>D\u00e9fense\ndes acquis d\u00e9mocratiques et r\u00e9sistance face \u00e0 une tyrannie\nrampante qui se voulait douce. La R\u00e9sistance qui est l\u2019expression\npo\u00e9tique de la D\u00e9fense, d\u00e8s lors, retrouve toute sa l\u00e9gitimit\u00e9. <\/em>\n<\/p>\n\n\n\n<p><em>La\nR\u00e9sistance<\/em>\nfait partie int\u00e9grante de notre histoire. Mais, na\u00efvement, du fait\nde l\u2019extraordinaire r\u00e9silience de ce Peuple charg\u00e9 d\u2019histoire,\nelle para\u00eet timor\u00e9e, timide, mais <em><strong>la\nGuin\u00e9e est la fille de la R\u00e9sistance!<\/strong><\/em><\/p>\n\n\n\n<!--more-->\n\n\n\n<p>Ironie\nde l\u2019histoire,c\u2019est<em>\u00ab&nbsp;l\u2019opposant\nhistorique&nbsp;\u00bb <\/em>qui\npaiera devant l\u2019histoire, le prix de l\u2019incons\u00e9quence de ses\nconvictions. L\u2019homme s\u2019est reni\u00e9 et la n\u00e9gation de la promesse\nr\u00e9publicaine et d\u00e9mocratique qui sous-tendait son engagement ach\u00e8ve\nde ruiner son capital politique. Aujourd\u2019hui, sa l\u00e9gitimit\u00e9\nhistorique est remise en question et la sinc\u00e9rit\u00e9 de son engagement\npolitique mise \u00e0 rude \u00e9preuve, toute chose illustrant\nind\u00e9niablement la crise de la parole politique entra\u00eenant la\nd\u00e9fiance \u00e0 l\u2019\u00e9gard de l\u2019autorit\u00e9.<\/p>\n\n\n\n<p>C\u2019est\nla mort dans l\u2019\u00e2me que nous constatons le bilan macabre \u00e0 la\nsuite des manifestations. <strong>La\nlibert\u00e9 de manifester est un droit fondamental,<\/strong>\nun acquis d\u00e9mocratique dont la d\u00e9fense nous revient \u00e0 tous. Il\n\u00e9tait donc inacceptable de laisser le pouvoir le confisquer et en\nrendre l\u2019exercice s\u00e9lectif. L\u2019argument de l\u2019ins\u00e9curit\u00e9 est\nun artifice, tant elle est une r\u00e9alit\u00e9 dans le pays. Si la d\u00e9rive\nlors des manifestations est r\u00e9currente, la preuve est quand m\u00eame\ndonn\u00e9e qu\u2019elles peuvent \u00eatre aussi pacifiques et dans une\nambiance bon enfant. Nous nous inclinons devant la m\u00e9moire de toutes\nces victimes que le pouvoir aurait d\u00fb nous \u00e9pargner ; et, il est\ndommage que le r\u00e9tablissement de ce droit soit \u00e0 ce prix, parce que\nle pouvoir s&rsquo;illusionne simplement et vainement d\u2019ailleurs,\nd\u2019\u00e9touffer un droit fondamental. \n<\/p>\n\n\n\n<p>Cette\nconvergence des forces ne souffre, heureusement pas, de\nconsid\u00e9rations ethnicistes en d\u00e9pit des efforts du pouvoir de l\u2019en\nen taxer. La conscience nationale, lorsqu\u2019elle se met v\u00e9ritablement\nen mouvement, devient difficilement corruptible. Le sens de la raison\nde cette lutte l\u00e9gitime a gagn\u00e9 les c\u0153urs et les esprits,\nl\u2019adh\u00e9sion populaire en est la parfaite illustration. <em>Le\nFront National pour la D\u00e9fense de la Constitution<\/em>,<strong>\nF.N.D.C<\/strong>,\nn\u2019est pas un jeu d\u2019alliances politiques mais la traduction d\u2019une\nsymbolique, celle de l\u2019expression du refus cat\u00e9gorique de\ntripatouillage constitutionnel, de tripatouillage de notre Loi\nfondamentale. Ceci est un principe de construction de dynamique, de\nconvergence de forces d\u00e9mocratiques. Partant, cette structure qui ne\npeut pr\u00e9tendre revendiquer la paternit\u00e9 de cet \u00e9tat d\u2019esprit,\nn\u2019a \u00e0 s\u2019arroger le droit d\u2019exclure un autre courant de la\nlutte et m\u00eame au motif d\u2019avoir particip\u00e9 aux consultations. Il\nest temps de soumettre notre ego au triomphe de ce combat\nd\u00e9mocratique, en rassemblant au-del\u00e0 de consid\u00e9rations mesquines\net en \u00e9pousant le seul principe qui vaille, celui de l\u2019opposition\nau projet de pi\u00e9tinement d\u00e9mocratique. \n<\/p>\n\n\n\n<p>Notre\nprocessus d\u00e9mocratique est fragile et ses institutions \u00e9voluent\ndans l\u2019\u00e9touffement, faute de volont\u00e9 et de sens de l\u2019histoire.\n<em>Le\nr\u00e9f\u00e9rendum est un moyen d\u00e9mocratique de l\u00e9gitimation et le\nPr\u00e9sident de la R\u00e9publique est fond\u00e9 d\u2019y recourir tant que ce\nn\u2019est dans le but de saper les acquis \u00e0 m\u00eame de revitaliser notre\nprocessus d\u00e9mocratique. <\/em>Nous\nne sommes pas des factieux, mais avec force conviction, nous croyons\nqu\u2019<em>il\nn\u2019y a pas de l\u00e9gitimit\u00e9 possible dans l\u2019injustice. <\/em>Dans\nle contexte actuel, et au regard de grotesques artifices entourant le\nprojet et surtout l\u2019extr\u00eame banalisation de cas de morts, l\u2019\u00e2me\n\u00e9tant par ailleurs sacr\u00e9e, l\u2019exercice du droit de soumission par\nvoie r\u00e9f\u00e9rendaire, ne doit plus lui \u00eatre l\u00e9gitimement reconnu. Il\ns\u2019est d\u00e9l\u00e9gitim\u00e9, lui-m\u00eame sur ce plan. Il laisse aujourd\u2019hui\nmanifester sa disposition \u00e0 assouvir sa soif de pouvoir, quitte \u00e0\nenjamber les morts, les n\u00f4tres, pour \u00e9tablir une nouvelle\nconstitution favorisant une confiscation de pouvoir. Il est un\nboulimique du pouvoir, et il est sans \u00e9tat d\u2019\u00e2me dans la conduite\nde ce projet qui n\u2019a ni hauteur ni avenir. \n<\/p>\n\n\n\n<p>Supr\u00eame\nm\u00e9pris, il entend m\u00eame transformer ladite constitution en un\ninstrument de vendetta, de vengeance pour exclure certains de la\ncourse \u00e0 la magistrature supr\u00eame. Une certaine jeunesse h\u00e9b\u00e9t\u00e9e,\nesp\u00e9rant s\u2019offrir une place au soleil dans le microcosme\npolitique, y croit encore et exulte. Le d\u00e9gagisme esp\u00e9r\u00e9 serait\nd\u00e9voy\u00e9, le Pr\u00e9sident de la R\u00e9publique, n\u2019en a pas la\nl\u00e9gitimit\u00e9. Sa d\u00e9marche d\u00e9vitalise notre processus d\u00e9mocratique\net ach\u00e8vera de polariser notre soci\u00e9t\u00e9. <em>La\npaix est notre but. <\/em>A-t-il\nun probl\u00e8me avec le r\u00e9el ? Il y\u2019a l\u00e0, un inqui\u00e9tant d\u00e9ni de\nr\u00e9alit\u00e9. \n<\/p>\n\n\n\n<p>C\u2019est\ndans ce contexte d\u2019incertitude que s\u2019organise l\u00e9gitimement la\nr\u00e9sistance pacifique, sans concession pour exercer une pression\njusqu\u2019\u00e0 son renoncement au projet, symbole du reniement de soi.\n<em>Nous\npr\u00f4nons sinc\u00e8rement la non-violence mais, parce que nous ne sommes\npas fatalistes, il nous est impossible de professer consciemment la\np\u00e9dagogie de la r\u00e9signation. <\/em>Cette\nflamme de la r\u00e9sistance et d\u2019espoir entretenue par une conscience\nsociale ou citoyenne influence toute consid\u00e9ration partisane. <em>La\nfibre nationale est plus forte que la sensibilit\u00e9 politique. <\/em>Dans\nla dynamique populaire qui s\u2019instaure et va crescendo, la sagesse\ncommande rigoureusement que la strat\u00e9gie soit fond\u00e9e sur la\ncommunaut\u00e9 d\u2019actions \u00e0 m\u00eame de favoriser celle du destin. En\ncela, une lucide et belle expression du <em>Front\nNational pour la D\u00e9fense de la Constitution, F.N.D.C, <\/em>vient\nainsi nous conforter dans notre intime conviction : <strong>\u00ab&nbsp;F.N.D.C\nest un \u00e9tat d\u2019esprit.&nbsp;\u00bb<\/strong><\/p>\n\n\n\n<p>\u00c0cette\nSoci\u00e9t\u00e9 Civile ayant le sens de l\u2019histoire, fer de lance du\nMouvement, nous rendons un vibrant hommage. Elle doit absolument en\ntenir les r\u00eanes et se tenir \u00e0 bonne distance des enjeux de pouvoir\net avoir une haute id\u00e9e de ce combat l\u2019interdisant toute tentation\ncarri\u00e9riste. Nous ne doutons pas du sens patriotique et de la force\nde convictions de ces acteurs sociaux, mais les risques sont\nimportants. Les responsables politiques, de calculateurs imp\u00e9nitents\nmalgr\u00e9 tout, salu\u00e9s pour leur force de mobilisation aussi, doivent\ns\u2019interdire toute confusion pour la prosp\u00e9rit\u00e9 de l\u2019int\u00e9r\u00eat\ncommun. Le sang semble n\u2019\u00eatre plus ahurissant aux yeux du pouvoir\ndans ses instants cr\u00e9pusculaires, sur son d\u00e9clin renvoyant \u00e0 la\nfin d\u2019une \u00e9poque. Aucune institution &#8211; r\u00e9publicaine &#8211; ne peut se\npr\u00e9valoir de son ind\u00e9pendance ou de sa l\u00e9gitimit\u00e9 pour violer nos\ntextes de loi et plomber le besoin vital de l\u2019alternance\nd\u00e9mocratique. \n<\/p>\n\n\n\n<p>Convaincu\nde la justesse et de la noblesse de la lutte et port\u00e9 par le souffle\npopulaire que lui communique avec enthousiasme de fier.e.s\nmanifestant.e.s, le coordinateur national int\u00e9rimaire du F.N.D.C,\nreconna\u00eet qu\u2019au d\u00e9but de l\u2019engagement, ils \u00e9prouvaient <em><strong>\u00ab&nbsp;une\nseule crainte, celle de nous de retrouver seuls, contre ce\npouvoir&#8230;&nbsp;\u00bb <\/strong><\/em>Mais,\ntous sommes fiers et les tenants du pouvoir et d\u2019opportunistes\nsoutiens, inquiets et surpris de la vivacit\u00e9 de la fibre patriotique\nde d\u00e9fenseurs des acquis. L\u2019espoir est permis ! \n<\/p>\n\n\n\n<p>Cet\nespoir nourri sans na\u00efvet\u00e9 cependant, en donnant <em><strong>la\nparole au Groupe de contact national, <\/strong><\/em>histoire\nde donner un sens au vertueux dialogue. D\u00e9j\u00e0, le Chef de l\u2019\u00c9tat\ncommence par \u00e9prouver devant l\u2019histoire, leur attachement aux\nvaleurs et la force de leur conviction : <em><strong>\u00ab&nbsp;Est-ce\nque la Guin\u00e9e est le seul o\u00f9 un pr\u00e9sident en exercice fait une\nnouvelle Constitution qui peut lui permettre de se repr\u00e9senter ?\nPourquoi en fait-on un scandale pour la Guin\u00e9e ?&nbsp;\u00bb <\/strong><\/em><em>(Extrait\nde son interview au journal fran\u00e7ais Le Monde.)<\/em><\/p>\n\n\n\n<p><em>Monsieur\nle Pr\u00e9sident de la R\u00e9publique, <\/em>\n<\/p>\n\n\n\n<p><em>avant\nqu\u2019il ne soit trop tard, sachez que vous ne serez pas touch\u00e9 par\nla gr\u00e2ce. <\/em>\n<\/p>\n\n\n\n<p>En\nguise de remobilisation, le coordinateur national par int\u00e9rim du\nMouvement, Oumar Sylla, rassure en une forme d\u2019invite et m\u00eame\ndissuasive <em><strong>:\n\u00ab&nbsp;Pour ceux qui doutent encore, sachez que la force de frappe\ndu FNDC devient plus redoutable, chaque jour qui passe&nbsp;\u00bb\n<\/strong><\/em>S\u2019ensuivra\nune ovation avec le sentiment du devoir accompli. Foi manifestement\nin\u00e9branlable en l\u2019avenir ! \n<\/p>\n\n\n\n<p><em>Citoyen,<\/em><\/p>\n\n\n\n<p><em>PENDESSA\nAmara<\/em><\/p>\n\n\n\n<p><em>pendess@yahoo.fr<\/em><\/p>\n","protected":false},"excerpt":{"rendered":"<div class=\"mh-excerpt\"><p>D\u00e9fense des acquis d\u00e9mocratiques et r\u00e9sistance face \u00e0 une tyrannie rampante qui se voulait douce. La R\u00e9sistance qui est l\u2019expression po\u00e9tique de la D\u00e9fense, d\u00e8s <a class=\"mh-excerpt-more\" href=\"http:\/\/www.lefolan.com\/fr\/2019\/10\/29\/projet-de-nouvelle-constitution-la-parole-est-a-la-defense\/\" title=\"Projet de nouvelle constitution : la parole est \u00e0 la d\u00e9fense\">[&#8230;]<\/a><\/p>\n<\/div>","protected":false},"author":1,"featured_media":539,"comment_status":"open","ping_status":"open","sticky":false,"template":"","format":"standard","meta":[],"categories":[3],"tags":[],"_links":{"self":[{"href":"http:\/\/www.lefolan.com\/fr\/wp-json\/wp\/v2\/posts\/613"}],"collection":[{"href":"http:\/\/www.lefolan.com\/fr\/wp-json\/wp\/v2\/posts"}],"about":[{"href":"http:\/\/www.lefolan.com\/fr\/wp-json\/wp\/v2\/types\/post"}],"author":[{"embeddable":true,"href":"http:\/\/www.lefolan.com\/fr\/wp-json\/wp\/v2\/users\/1"}],"replies":[{"embeddable":true,"href":"http:\/\/www.lefolan.com\/fr\/wp-json\/wp\/v2\/comments?post=613"}],"version-history":[{"count":2,"href":"http:\/\/www.lefolan.com\/fr\/wp-json\/wp\/v2\/posts\/613\/revisions"}],"predecessor-version":[{"id":635,"href":"http:\/\/www.lefolan.com\/fr\/wp-json\/wp\/v2\/posts\/613\/revisions\/635"}],"wp:featuredmedia":[{"embeddable":true,"href":"http:\/\/www.lefolan.com\/fr\/wp-json\/wp\/v2\/media\/539"}],"wp:attachment":[{"href":"http:\/\/www.lefolan.com\/fr\/wp-json\/wp\/v2\/media?parent=613"}],"wp:term":[{"taxonomy":"category","embeddable":true,"href":"http:\/\/www.lefolan.com\/fr\/wp-json\/wp\/v2\/categories?post=613"},{"taxonomy":"post_tag","embeddable":true,"href":"http:\/\/www.lefolan.com\/fr\/wp-json\/wp\/v2\/tags?post=613"}],"curies":[{"name":"wp","href":"https:\/\/api.w.org\/{rel}","templated":true}]}}