{"id":620,"date":"2019-11-02T19:25:05","date_gmt":"2019-11-02T18:25:05","guid":{"rendered":"http:\/\/www.lefolan.com\/fr\/?p=620"},"modified":"2019-11-04T17:39:56","modified_gmt":"2019-11-04T16:39:56","slug":"guinee-la-armee-guineenne-celebre-le-61eme-anniversaire-de-sa-creation","status":"publish","type":"post","link":"http:\/\/www.lefolan.com\/fr\/2019\/11\/02\/guinee-la-armee-guineenne-celebre-le-61eme-anniversaire-de-sa-creation\/","title":{"rendered":"GUINEE\u00a0: La arm\u00e9e Guin\u00e9enne c\u00e9l\u00e8bre le 61\u00e8me anniversaire de sa cr\u00e9ation.\u00a0"},"content":{"rendered":"\n<p>\nL&rsquo;arm\u00e9e\nGuin\u00e9enne a c\u00e9l\u00e9br\u00e9 ce vendredi 1er novembre 2019, l&rsquo;an 61 ans de\nsa cr\u00e9ation. Dans la commune kaloum, c&rsquo;est le camp Samory Tour\u00e9 qui\na servi de cadre \u00e0 la&nbsp; c\u00e9r\u00e9monie de&nbsp; c\u00e9l\u00e9bration, en\npr\u00e9sence du ministre d\u2019\u00c9tat, ministre de la d\u00e9fense, Mohamed\nDian\u00e9, le haut commandent de la Gendarmerie , g\u00e9n\u00e9ral Ibrahima, le\ndirecteur g\u00e9n\u00e9ral des Douanes, , g\u00e9n\u00e9ral Toumany Sangar\u00e9, le\nchef d\u2019\u00c9tat major de l&rsquo;arm\u00e9e, G\u00e9n\u00e9ral Namory Traor\u00e9 et\nplusieurs autorit\u00e9s militants et civiles.&nbsp;<\/p>\n\n\n\n<!--more-->\n\n\n\n<p>\nA\ncette occasion, le ministre d\u2019\u00c9tat, ministre de la d\u00e9fense,\nMohamed Dian\u00e9, a au nom du chef de l\u2019\u00c9tat, adress\u00e9 ses meilleurs\nv\u0153ux \u00e0 l&rsquo;arm\u00e9e Guin\u00e9enne avant de rendre un brillant hommage aux\nsoldats qui se sont sacrifi\u00e9s pour la d\u00e9fense&nbsp; de la nation.<\/p>\n\n\n\n<p>\u201dOfficiers,\nsous officiers et hommes de rang , la c\u00e9l\u00e9bration de la arm\u00e9e\nGuin\u00e9enne offre l&rsquo;occasion de vous pr\u00e9senter mes v\u0153ux de bonne\nf\u00eate. Je exprime tout mon attachement \u00e0 tous les soldats bless\u00e9s\nlors des missions \u00e0 l&rsquo;ext\u00e9rieur du pays.Puisse le tout puissant\nleur accorde un soulagement en ce jour d&rsquo;anniversaire de la cr\u00e9ation\nde votre arm\u00e9e nationale. Je renouvelle mes condol\u00e9ances \u00e0 nos\nh\u00e9ros qui sont tomb\u00e9s dans le nord du Mali dans le cadre de la\nMUNISMA.<\/p>\n\n\n\n<p>\nOfficiers,\nsous officiers, hommes de rang, c\u00e9l\u00e9brer le 61\u00e8me anniversaire de\nla cr\u00e9ation de notre arm\u00e9e, c&rsquo;est surtout honorer le courage de\ntous ses soldats qui, de par leurs sacrifices ont h\u00e9ro\u00efquement\ncombattu pour notre souverainet\u00e9 nationale. En ce jour de souvenir,\nje salue leurs m\u00e9moires&nbsp; et leur renouvelle la reconnaissance\nde la nation tout enti\u00e8re\u00a0\u00bb a t-il soulign\u00e9 .&nbsp;<\/p>\n\n\n\n<p> Poursuivant, le ministre d\u2019\u00c9tat, ministre de la d\u00e9fense ajoute. \u00ab\u00a0Je tiens \u00e0 vous f\u00e9liciter pour votre contribution,&nbsp; chacun&nbsp; dans son domaine \u00e0 la r\u00e9forme des forces de d\u00e9fense et de s\u00e9curit\u00e9. Les efforts fournis sont immenses, il nous rester beaucoup \u00e0 faire pour transformer d\u00e9finitivement notre arm\u00e9e \u00e0 une arm\u00e9e de progr\u00e8s, de d\u00e9veloppement et de construction.Ensemble, nous avons r\u00e9ussi \u00e0 quelques ann\u00e9es \u00e0 transformer l&rsquo;image de notre arm\u00e9e qui inspire aujourd&rsquo;hui respect et consid\u00e9ration\u00a0\u00bb&nbsp; a t-il indiqu\u00e9.&nbsp;<\/p>\n\n\n\n<p><\/p>\n\n\n\n<p>Mamadouba Camara<\/p>\n\n\n\n<p>Journaliste du site www.lefolan.com<\/p>\n","protected":false},"excerpt":{"rendered":"<div class=\"mh-excerpt\"><p>L&rsquo;arm\u00e9e Guin\u00e9enne a c\u00e9l\u00e9br\u00e9 ce vendredi 1er novembre 2019, l&rsquo;an 61 ans de sa cr\u00e9ation. Dans la commune kaloum, c&rsquo;est le camp Samory Tour\u00e9 qui <a class=\"mh-excerpt-more\" href=\"http:\/\/www.lefolan.com\/fr\/2019\/11\/02\/guinee-la-armee-guineenne-celebre-le-61eme-anniversaire-de-sa-creation\/\" title=\"GUINEE\u00a0: La arm\u00e9e Guin\u00e9enne c\u00e9l\u00e8bre le 61\u00e8me anniversaire de sa cr\u00e9ation.\u00a0\">[&#8230;]<\/a><\/p>\n<\/div>","protected":false},"author":1,"featured_media":623,"comment_status":"open","ping_status":"open","sticky":false,"template":"","format":"standard","meta":[],"categories":[9],"tags":[],"_links":{"self":[{"href":"http:\/\/www.lefolan.com\/fr\/wp-json\/wp\/v2\/posts\/620"}],"collection":[{"href":"http:\/\/www.lefolan.com\/fr\/wp-json\/wp\/v2\/posts"}],"about":[{"href":"http:\/\/www.lefolan.com\/fr\/wp-json\/wp\/v2\/types\/post"}],"author":[{"embeddable":true,"href":"http:\/\/www.lefolan.com\/fr\/wp-json\/wp\/v2\/users\/1"}],"replies":[{"embeddable":true,"href":"http:\/\/www.lefolan.com\/fr\/wp-json\/wp\/v2\/comments?post=620"}],"version-history":[{"count":3,"href":"http:\/\/www.lefolan.com\/fr\/wp-json\/wp\/v2\/posts\/620\/revisions"}],"predecessor-version":[{"id":633,"href":"http:\/\/www.lefolan.com\/fr\/wp-json\/wp\/v2\/posts\/620\/revisions\/633"}],"wp:featuredmedia":[{"embeddable":true,"href":"http:\/\/www.lefolan.com\/fr\/wp-json\/wp\/v2\/media\/623"}],"wp:attachment":[{"href":"http:\/\/www.lefolan.com\/fr\/wp-json\/wp\/v2\/media?parent=620"}],"wp:term":[{"taxonomy":"category","embeddable":true,"href":"http:\/\/www.lefolan.com\/fr\/wp-json\/wp\/v2\/categories?post=620"},{"taxonomy":"post_tag","embeddable":true,"href":"http:\/\/www.lefolan.com\/fr\/wp-json\/wp\/v2\/tags?post=620"}],"curies":[{"name":"wp","href":"https:\/\/api.w.org\/{rel}","templated":true}]}}