{"id":656,"date":"2020-03-11T19:25:32","date_gmt":"2020-03-11T18:25:32","guid":{"rendered":"http:\/\/www.lefolan.com\/fr\/?p=656"},"modified":"2020-04-15T10:37:23","modified_gmt":"2020-04-15T08:37:23","slug":"lopposition-republicaine-un-cancer-pour-le-developpement-de-notre-pays","status":"publish","type":"post","link":"http:\/\/www.lefolan.com\/fr\/2020\/03\/11\/lopposition-republicaine-un-cancer-pour-le-developpement-de-notre-pays\/","title":{"rendered":"L\u2019opposition r\u00e9publicaine : Un cancer pour le d\u00e9veloppement de notre Pays"},"content":{"rendered":"\n<p>Depuis son \u00e9chec historique de 2010 face au charismatique champion du RPG (aujourd\u2019hui RPG Arc-en-Ciel), Mr Cellou Dalein Diallo, puisqu\u2019il s\u2019agit bel et bien de lui, a jur\u00e9 sur tous les dieux de rendre ingouvernable le Pays. Tout comme Diabolus dans la Mythologie grecque, il s\u2019est inscrit, depuis les premiers pas de ce r\u00e9gime, dans une logique de sabotage syst\u00e9matique des actions de celui-ci. Son souhait ardent, c\u2019est l\u2019\u00e9chec de la gouvernance actuelle.  Toujours aux abois, cette opposition agonisante cornaqu\u00e9e par le leader de l\u2019UFDG ne veut ni changement, ni am\u00e9lioration des conditions de vie des populations&nbsp;; elle veut juste le chaos dans le Pays&nbsp;.Quel que soit le prix \u00e0 payer pour arriver \u00e0 ce dessein malsain, ces sc\u00e9l\u00e9rats sont d\u00e9termin\u00e9s, ils n\u2019h\u00e9siteront pas \u00e0 marcher sur des cadavres pour arriver \u00e0 leur fin&nbsp;.Ils se foutent \u00e9perdument de toi et moi&nbsp;; ils se foutent du Peuple. <\/p>\n\n\n\n<!--more-->\n\n\n\n<p><strong>Seule&nbsp;\u00ab&nbsp;la fin justifie les moyens \u00bb.<\/strong><\/p>\n\n\n\n<p>En effet, si un r\u00e9gime \u00e9choue, c\u2019est non seulement une lutte, un Peuple et une Nation qui \u00e9chouent mais c\u2019est aussi un pan de l\u2019\u00e9volution du Pays qui aura \u00e9t\u00e9 asphyxi\u00e9. Alors qu\u2019on pouvait utiliser cela \u00e0 bon escient pour donner un nouvel \u00e9lan au processus de d\u00e9veloppement de notre Pays&nbsp;; Chaque minute, chaque heure perdues ou consacr\u00e9es aux d\u00e9bats inutiles est un retard de trop dans le d\u00e9veloppement de notre ch\u00e8re Nation. En un mot, se targuer d\u2019avoir emp\u00each\u00e9 le Gouvernement est non seulement trahir la raison pour laquelle nos leaders de l\u2019opposition ont cr\u00e9\u00e9 leur Parti politique mais c\u2019est aussi trahir leurs militants. En d\u2019autres termes, on ne cr\u00e9e pas une formation Politique pour enrayer l\u2019impulsion d\u2019un r\u00e9gime mais plut\u00f4t apporter sa pierre \u00e0 l\u2019\u00e9dification de la maison commune \u00e0 travers des critiques objectives, constructives et un bon programme de d\u00e9veloppement socio-\u00e9conomique.&nbsp;Car, comme l\u2019a dit quelqu\u2019un un jour&nbsp;:\u00abla maison commune n\u2019est belle que lorsque chacun y reconna\u00eet sa part de labeur\u00bb.  <\/p>\n\n\n\n<p>Par ailleurs, cette crise que nous sommes en train de vivre est sciemment cr\u00e9\u00e9e par l\u2019opposition, notamment Cellou &nbsp;Dalein Diallo, toujours dans sa logique d\u2019emp\u00eacher le processus normal de d\u00e9veloppement de notre pays enclench\u00e9 depuis l\u2019av\u00e8nement du Prof Alpha Cond\u00e9 en 2010. <\/p>\n\n\n\n<p>Rendre le Pays ingouvernable, c\u2019est le credo de notre opposition dite r\u00e9publicaine. <\/p>\n\n\n\n<p>Aujourd\u2019hui, n\u2019ayant aucune chance de remporter les \u00e9lections du fait de son pass\u00e9 trop sombre, m\u00eame en 2020, l\u2019homme est dor\u00e9navant dans l\u2019esprit de provoquer des tensions et violences intercommunautaires, avec \u00e0 la cl\u00e9 cette victimisation \u00e0 outrance, pour que la communaut\u00e9 internationale intervienne en demandant un partage de pouvoir comme cela s\u2019est pass\u00e9 ailleurs. Sa deuxi\u00e8me alternative, c\u2019est de cr\u00e9er un \u00e9tat de confusion g\u00e9n\u00e9rale pour que l\u2019arm\u00e9e revienne au pouvoir. Il oublie que nous sommes au Pays du Prof Alpha Cond\u00e9, le renard politique. <\/p>\n\n\n\n<p>Comparaison n\u2019est certes pas raison. Mais parfois, il faut s\u2019atteler \u00e0 cet exercice pour \u00e9clairer la lanterne des populations sur le comportement improductif, nocif et apatride de certains guin\u00e9ens. <\/p>\n\n\n\n<p>Au temps du r\u00e9gime de feu G\u00e9n\u00e9ral Lansana Cont\u00e9, le RPG (aujourd\u2019hui RPGArc-en-Ciel), s\u2019est oppos\u00e9 &nbsp;au r\u00e9gime de l\u2019homme fort d\u2019alors. Malgr\u00e9 les exactions contre ses militants, des arrestations arbitraires dont ils ont fait l\u2019objet, malgr\u00e9 l\u2019exil forc\u00e9 de certains, le caract\u00e8re r\u00e9pressif du r\u00e9gime et le tripatouillage des \u00e9lections, orchestr\u00e9 par ceux-l\u00e0 qui crient aujourd\u2019hui \u00e0 la fraude \u00e0 chaque \u00e9lection, le Prof Alpha Cond\u00e9 n\u2019a jamais eu l\u2019intention un seul jour d\u2019emp\u00eacher ou de rendre le pays ingouvernable ;Il est toujours rest\u00e9 patient et n\u2019a jamais d\u00e9fi\u00e9 l\u2019Etat comme le fait pr\u00e9sentement le chef de file de\u00ab l\u2019opposition r\u00e9publicaine \u00bb .<\/p>\n\n\n\n<p>Ce qui lui a d\u2019ailleurs valu le soutien des militants du PUP en 2010 face au leader de l\u2019UFDG . En plus, il n\u2019a ni compt\u00e9 ses morts, ni accept\u00e9 d\u2019ouvrir un cimeti\u00e8re pour ses martyrs .Car pour lui, cela dissimulerait un esprit de revanche un jour ;Il a toujours pr\u00f4n\u00e9 la paix, invit\u00e9 ses militants \u00e0 la paix et \u00e0 l\u2019acceptation des autres .Pour preuve, quand il avait \u00e9t\u00e9 trich\u00e9 aux \u00e9lections de 1993, ses militants \u00e9taient pr\u00eats \u00e0 descendre dans la rue pour contester l\u2019autorit\u00e9 du G\u00e9n\u00e9ral jusqu\u2019\u00e0 ce qu\u2019il soit r\u00e9tabli dans ses droits. Malgr\u00e9 le soutien fort qu\u2019il avait en ce moment dans l\u2019arm\u00e9e, malgr\u00e9 la d\u00e9termination de ses militants \u00e0 d\u00e9fendre leurs votes, contre toute attente, ilavait appel\u00e9 ses militants au calme et \u00e0 la retenue en ces termes: \u00ab\u2026..Que tout le monde reste calme ;Je ne suis pas venu pour Gouverner des cimeti\u00e8res\u2026.. \u00bb.Une expression rest\u00e9e grav\u00e9e dans la m\u00e9moire de plus d\u2019un guin\u00e9en. <\/p>\n\n\n\n<p>Par manque de projets de soci\u00e9t\u00e9 concrets, on utilise la communaut\u00e9 comme bouclier pour cr\u00e9er la haine au sein de cette communaut\u00e9 dans le seul et unique but de d\u00e9stabiliser le pays, l\u2019objectif que s\u2019est toujours inscrit le malheureux perdant des \u00e9lections cr\u00e9dibles et transparentes de 2010 et de 2015. Ils font circuler des&nbsp; images, souvent mont\u00e9es de toutes pi\u00e8ces,pour non seulement ternir l\u2019image de notre pays mais aussi d\u00e9courager les investisseurs qui le rallient depuis l\u2019av\u00e8nement du Prof Alpha Cond\u00e9 au pouvoir. Quelle m\u00e9chancet\u00e9 et quelle haine pour la conqu\u00eate de quel pouvoir ? <\/p>\n\n\n\n<p>N\u2019ayant tir\u00e9 aucune le\u00e7on de son \u00e9chec de 2010 et de 2015, des manifestations qui ont endeuill\u00e9 plusieurs familles, caus\u00e9 la destruction des biens priv\u00e9s et publics, des exactions sur des pauvres citoyens, Cellou Dalein Diallo, \u00e9paul\u00e9s dans cette entreprise de destruction des acquis de notre Pays, par des leaders ayant du mal \u00e0 mobiliser leurs propres familles autour de leurs id\u00e9aux, projettent de nouvelles manifestations la semaine \u00e0 venir pour des raisons que nous savons d\u00e9j\u00e0. Paradoxalement, au moment o\u00f9 ils se disent victimes du non-respect du contenu des accords sign\u00e9s entre eux et la mouvance, au m\u00eame moment, ils participent \u00e0 l\u2019installation des \u00e9lus locaux partout \u00e0 travers le Pays. O\u00f9 est le s\u00e9rieux ? <\/p>\n\n\n\n<p>Par ailleurs, les grands leaders politiques avec lesquels il \u00e9tait hier l\u2019ont tous abandonn\u00e9 du fait de sa duperie et de son son refus \u00e0 changer cette strat\u00e9gie consistant \u00e0 d\u00e9verser tout le temps, sur fond de vandalisme et de pillage des biens des pauvres citoyens, les enfants des autres dans la rue pour d\u00e9fier l\u2019autorit\u00e9 de l\u2019\u00c9tat. <\/p>\n\n\n\n<p>Ce que cette opposition oublie aujourd\u2019hui est que plus on tra\u00eene les pas dans la mise en place d\u2019une nouvelle Assembl\u00e9e,plus on empi\u00e8te sur le chronogramme de l\u2019\u00e9lection pr\u00e9sidentielle pr\u00e9vue vers la fin d\u2019ann\u00e9e 2020.Le d\u00e9calage d\u2019une \u00e9ch\u00e9ance \u00e9lectorale impacte l\u2019autre.<\/p>\n\n\n\n<p> Concernant les d\u00e9nonciations de l\u2019opposition sur des pr\u00e9tendues \u00ab violations des droits de l\u2019homme \u00bbdans notre pays,il faut admettre que nous vivons plus en d\u00e9mocratie aujourd\u2019hui que de par le pass\u00e9. Cela se traduit non seulement au plan institutionnel par la mise en place des institutions comme la Cour Constitutionnelle, la HAC, la Cour des Comptes pour ne citer que celles-ci mais aussi par la libert\u00e9 d\u2019expression \u00e0 travers la d\u00e9p\u00e9nalisation des d\u00e9lits de Presse et la garantie accord\u00e9e aux citoyens dans ce sens.<\/p>\n\n\n\n<p> A vrai dire, depuis que ce r\u00e9gime est l\u00e0, malgr\u00e9 les bavures constat\u00e9es \u00e7\u00e0 et l\u00e0 dans l\u2019exercice de certains journalistes, malgr\u00e9 les violences prolif\u00e9r\u00e9es  par certains d\u2019entre eux, aucun n\u2019a \u00e9t\u00e9 inqui\u00e9t\u00e9 au point d\u2019aller en prison ; aucun leader aussi n\u2019a \u00e9t\u00e9 mis au gnouf. A lorsque dans certains pays voisins, ils sont menac\u00e9s, inqui\u00e9t\u00e9s et arr\u00eat\u00e9s. Une simple caricature d\u2019un Pr\u00e9sident a conduit un journaliste en prison quelque part. <\/p>\n\n\n\n<p>Que cette opposition reconnaisse cela ou pas, c\u2019est une \u00e9vidence que notre Pays est l\u2019un des rares en Afrique aujourd\u2019hui o\u00f9 les gens s\u2019expriment librement sans \u00eatre inqui\u00e9t\u00e9s. <\/p>\n\n\n\n<p>Bref, sous d\u2019autres cieux, la Mouvance et l\u2019Opposition, malgr\u00e9 leurs divergences, gardent tous en vue l\u2019int\u00e9r\u00eat sup\u00e9rieur de la Nation. Elles conjuguent les efforts ensemble pour l\u2019am\u00e9lioration des conditions de vie des populations, leur bien-\u00eatre. En outre, l\u2019opposition ne se limite pas seulement aux critiques aveugles et improductives ; elle propose aussi des pistes de solutions aux Gouvernants.<\/p>\n\n\n\n<p> Comme l\u2019a dit Mr Philip Edouard, Ministre Fran\u00e7ais: \u00ab On peut manifester mais bloquer un Pays n\u2019est pas acceptable \u00bb. <\/p>\n\n\n\n<p>Sayon Mara<\/p>\n","protected":false},"excerpt":{"rendered":"<div class=\"mh-excerpt\"><p>Depuis son \u00e9chec historique de 2010 face au charismatique champion du RPG (aujourd\u2019hui RPG Arc-en-Ciel), Mr Cellou Dalein Diallo, puisqu\u2019il s\u2019agit bel et bien de <a class=\"mh-excerpt-more\" href=\"http:\/\/www.lefolan.com\/fr\/2020\/03\/11\/lopposition-republicaine-un-cancer-pour-le-developpement-de-notre-pays\/\" title=\"L\u2019opposition r\u00e9publicaine : Un cancer pour le d\u00e9veloppement de notre Pays\">[&#8230;]<\/a><\/p>\n<\/div>","protected":false},"author":1,"featured_media":659,"comment_status":"closed","ping_status":"open","sticky":false,"template":"","format":"standard","meta":[],"categories":[3],"tags":[],"_links":{"self":[{"href":"http:\/\/www.lefolan.com\/fr\/wp-json\/wp\/v2\/posts\/656"}],"collection":[{"href":"http:\/\/www.lefolan.com\/fr\/wp-json\/wp\/v2\/posts"}],"about":[{"href":"http:\/\/www.lefolan.com\/fr\/wp-json\/wp\/v2\/types\/post"}],"author":[{"embeddable":true,"href":"http:\/\/www.lefolan.com\/fr\/wp-json\/wp\/v2\/users\/1"}],"replies":[{"embeddable":true,"href":"http:\/\/www.lefolan.com\/fr\/wp-json\/wp\/v2\/comments?post=656"}],"version-history":[{"count":3,"href":"http:\/\/www.lefolan.com\/fr\/wp-json\/wp\/v2\/posts\/656\/revisions"}],"predecessor-version":[{"id":661,"href":"http:\/\/www.lefolan.com\/fr\/wp-json\/wp\/v2\/posts\/656\/revisions\/661"}],"wp:featuredmedia":[{"embeddable":true,"href":"http:\/\/www.lefolan.com\/fr\/wp-json\/wp\/v2\/media\/659"}],"wp:attachment":[{"href":"http:\/\/www.lefolan.com\/fr\/wp-json\/wp\/v2\/media?parent=656"}],"wp:term":[{"taxonomy":"category","embeddable":true,"href":"http:\/\/www.lefolan.com\/fr\/wp-json\/wp\/v2\/categories?post=656"},{"taxonomy":"post_tag","embeddable":true,"href":"http:\/\/www.lefolan.com\/fr\/wp-json\/wp\/v2\/tags?post=656"}],"curies":[{"name":"wp","href":"https:\/\/api.w.org\/{rel}","templated":true}]}}