{"id":899,"date":"2021-02-26T10:49:06","date_gmt":"2021-02-26T09:49:06","guid":{"rendered":"http:\/\/www.lefolan.com\/fr\/?p=899"},"modified":"2021-02-26T10:52:15","modified_gmt":"2021-02-26T09:52:15","slug":"guinee-inauguration-du-siege-pup-ceux-pensent-que-notre-parti-est-mort-se-trompent-lourdement-elhadj-fode-bangoura","status":"publish","type":"post","link":"http:\/\/www.lefolan.com\/fr\/2021\/02\/26\/guinee-inauguration-du-siege-pup-ceux-pensent-que-notre-parti-est-mort-se-trompent-lourdement-elhadj-fode-bangoura\/","title":{"rendered":"GUINEE : INAUGURATION DU SI\u00c8GE PUP \u00abCEUX PENSENT QUE, NOTRE PARTI EST MORT, SE TROMPENT LOURDEMENT\u00bb ELHADJ FODE BANGOURA"},"content":{"rendered":"\n<p>Les responsables du Parti de l&rsquo;Unit\u00e9 et du Progr\u00e8s PUP, ont proc\u00e9d\u00e9 \u00e0 l&rsquo;inauguration de leur nouveau si\u00e8ge national, ce samedi, 20 f\u00e9vrier 2021 \u00e0 Cameroun dans la commune de Dixinn. Cette c\u00e9r\u00e9monie inaugurale a connu la pr\u00e9sence de plusieurs personnalit\u00e9s politiques du pays, dont, El hadj Mamadou Sylla, chef de file de l&rsquo;opposition,Kouya Kouyat\u00e9 de l\u2019UDIR, de Mamadou Saliou Diallo du PLP, d\u2019Aminata Ibrahima de l\u2019UDRG, Dr Makal\u00e9 Traor\u00e9 du PACT, Aboubacar Soumah de GDE et de Me Abdoul Kab\u00e9l\u00e9 Camara de RGD. B\u00e2ti sur une superficie de 600 m\u00b2 avec 35 m\u00e8tres de longs et 18 m\u00e8tres de larges, ce si\u00e8ge a \u00e9t\u00e9 r\u00e9alis\u00e9 pour un co\u00fbt total de 1,5 milliards et une capacit\u00e9 d\u2019accueil de 1250 personnes. Dans son discours de circonstance, Jean Paul Saar, pr\u00e9sident du commut\u00e9 d\u2019organisation, Jean Paul a d\u00e9clar\u00e9 que \u00ab La construction a \u00e9t\u00e9 d\u00e9cid\u00e9e par le bureau politique national apr\u00e8s consultation des structures \u00e0 la base en passant par la Basse Guin\u00e9e, la Moyenne Guin\u00e9e, la Haute Guin\u00e9e et la Guin\u00e9e Foresti\u00e8re et la ville sp\u00e9ciale de Conakry. D\u00e9nomm\u00e9 le temple de savoir, la construction a d\u00e9but\u00e9 le 15 septembre 2020, et est achev\u00e9e le 15 janvier 2021. Avec une capacit\u00e9 d\u2019accueil de 1250 personnes, avec un montant de r\u00e9alisation de 1 milliard 500 millions de francs guin\u00e9ens. \u00bb a t-il dit. Pour sa part, le pr\u00e9sident du parti de l&rsquo;unit\u00e9 et du progr\u00e8s, El hadj Fod\u00e9 Bangoura a rendu un brillant hommage au p\u00e8re fondateur du PUP, G\u00e9n\u00e9ral Lansana Cont\u00e9. \u201cJe voudrais saluer, ici, tous ceux qui ont contribu\u00e9 \u00e0 la r\u00e9alisation de ce si\u00e8ge. Ce r\u00eave longtemps caress\u00e9, une r\u00e9alit\u00e9 pour notre parti, le parti de notre v\u00e9n\u00e9r\u00e9 le pr\u00e9sident g\u00e9n\u00e9ral Lansana Cont\u00e9. Que son \u00e2me repose en paix dans le saint paradis.Vous me permettez \u00e9galement de rendre un hommage m\u00e9rite \u00e0 nos illustres compagnons de route disparus, h\u00e9las, au cours du long chemin que nous avons parcouru ensemble main dans la main dans la cr\u00e9ation, la consolidation et la p\u00e9rennisation de notre parti national\u00a0\u00bb a t-il soulign\u00e9. Poursuivant, le pr\u00e9sident du PUP a tenu \u00e0 pr\u00e9ciser: \u201cAujourd&rsquo;hui,j&rsquo;ose affirmer avec une l\u00e9gitime, fiert\u00e9 que, c&rsquo;est fini la location des h\u00f4tel pour tenir nos r\u00e9unions et nos instances du parti( conseils nationaux congr\u00e8s) c&rsquo;est fini \u00e9galement les diff\u00e9rentes locations qui doivent abriter nos c\u00e9r\u00e9monies. Camarades, militants et militantes voici votre si\u00e8ge national du PUP que vous devrez prot\u00e9ger de animer. Je vous invite \u00e0 l&rsquo;entretenir de toutes vos forces\u00a0\u00bb a t-il martel\u00e9.. Plus loin, El hadj Fod\u00e9 Bangoura a soulign\u00e9 que :\u201cNotre parti est un parti d&rsquo;opposition r\u00e9aliste et qui a une connaissance des r\u00e9alit\u00e9s du pays. C&rsquo;est pourquoi, notre ambition c&rsquo;est forger la coh\u00e9sion sociale permettant de r\u00e9duire les in\u00e9galit\u00e9s et coup \u00e9viter les frustrations. Le pari que les responsables actuels du PUP veulent gagner est de relancer notre formation politique pour la hisser au niveau qu&rsquo;elle avait 1998.Ceux qui pensent que notre parti, PUP est mort se trompent lourdement\u00a0\u00bb a t-il conclu<\/p>\n\n\n\n<p>CAMARA MAMADOUBA <\/p>\n\n\n\n<p>Journaliste du site lefolan.com<\/p>\n\n\n\n<p>669 14 62 22<\/p>\n","protected":false},"excerpt":{"rendered":"<div class=\"mh-excerpt\"><p>Les responsables du Parti de l&rsquo;Unit\u00e9 et du Progr\u00e8s PUP, ont proc\u00e9d\u00e9 \u00e0 l&rsquo;inauguration de leur nouveau si\u00e8ge national, ce samedi, 20 f\u00e9vrier 2021 \u00e0 <a class=\"mh-excerpt-more\" href=\"http:\/\/www.lefolan.com\/fr\/2021\/02\/26\/guinee-inauguration-du-siege-pup-ceux-pensent-que-notre-parti-est-mort-se-trompent-lourdement-elhadj-fode-bangoura\/\" title=\"GUINEE : INAUGURATION DU SI\u00c8GE PUP \u00abCEUX PENSENT QUE, NOTRE PARTI EST MORT, SE TROMPENT LOURDEMENT\u00bb ELHADJ FODE BANGOURA\">[&#8230;]<\/a><\/p>\n<\/div>","protected":false},"author":1,"featured_media":902,"comment_status":"closed","ping_status":"open","sticky":false,"template":"","format":"standard","meta":[],"categories":[3],"tags":[],"_links":{"self":[{"href":"http:\/\/www.lefolan.com\/fr\/wp-json\/wp\/v2\/posts\/899"}],"collection":[{"href":"http:\/\/www.lefolan.com\/fr\/wp-json\/wp\/v2\/posts"}],"about":[{"href":"http:\/\/www.lefolan.com\/fr\/wp-json\/wp\/v2\/types\/post"}],"author":[{"embeddable":true,"href":"http:\/\/www.lefolan.com\/fr\/wp-json\/wp\/v2\/users\/1"}],"replies":[{"embeddable":true,"href":"http:\/\/www.lefolan.com\/fr\/wp-json\/wp\/v2\/comments?post=899"}],"version-history":[{"count":2,"href":"http:\/\/www.lefolan.com\/fr\/wp-json\/wp\/v2\/posts\/899\/revisions"}],"predecessor-version":[{"id":901,"href":"http:\/\/www.lefolan.com\/fr\/wp-json\/wp\/v2\/posts\/899\/revisions\/901"}],"wp:featuredmedia":[{"embeddable":true,"href":"http:\/\/www.lefolan.com\/fr\/wp-json\/wp\/v2\/media\/902"}],"wp:attachment":[{"href":"http:\/\/www.lefolan.com\/fr\/wp-json\/wp\/v2\/media?parent=899"}],"wp:term":[{"taxonomy":"category","embeddable":true,"href":"http:\/\/www.lefolan.com\/fr\/wp-json\/wp\/v2\/categories?post=899"},{"taxonomy":"post_tag","embeddable":true,"href":"http:\/\/www.lefolan.com\/fr\/wp-json\/wp\/v2\/tags?post=899"}],"curies":[{"name":"wp","href":"https:\/\/api.w.org\/{rel}","templated":true}]}}