{"id":916,"date":"2021-02-26T18:17:22","date_gmt":"2021-02-26T17:17:22","guid":{"rendered":"http:\/\/www.lefolan.com\/fr\/?p=916"},"modified":"2021-02-26T18:25:20","modified_gmt":"2021-02-26T17:25:20","slug":"en-guinee-lutte-contre-le-covid-dr-sakoba-keita-appelle-les-guineens-a-un-sursaut-national","status":"publish","type":"post","link":"http:\/\/www.lefolan.com\/fr\/2021\/02\/26\/en-guinee-lutte-contre-le-covid-dr-sakoba-keita-appelle-les-guineens-a-un-sursaut-national\/","title":{"rendered":"EN GUINEE : LUTTE CONTRE LE COVID Dr SAKOBA KE\u00cfTA APPELLE LES GUIN\u00c9ENS A UN SURSAUT NATIONAL"},"content":{"rendered":"\n<p>Suite \u00e0 la r\u00e9surgence de la pand\u00e9mie de covid 19 et l&rsquo;apparition de la maladie \u00e0 virus Ebola en Guin\u00e9e qui a pouss\u00e9 le gouvernement \u00e0 durcir les mesures barri\u00e8res, les responsables de l&rsquo;Agence Nationale de S\u00e9curit\u00e9 Sanitaire ANSS \u00e9taient face aux hommes de m\u00e9dias, ce vendredi, 26 f\u00e9vrier 2021 \u00e0 Conakry. Objectif: faire le point sur l&rsquo;\u00e9volution de ces deux maladies en R\u00e9publique de Guin\u00e9e. Selon Dr Sory Cond\u00e9, charg\u00e9 d&rsquo;\u00e9tude au d\u00e9partement surveillance, la Guin\u00e9e a enregistr\u00e9 un total de 15 789 cas de covid depuis 12 mars 2020,dont 14 821 gu\u00e9ris et 88 d\u00e9c\u00e8s. \u201cHier nous avons test\u00e9 1 304 personnes dont 109 se sont relev\u00e9es positives, soit un indice de 8,4%. Donc, le total des personnes test\u00e9es positives depuis le 12 mars 2020 s&rsquo;\u00e9l\u00e8ve \u00e0 15 789. Hier 34 personnes ont \u00e9t\u00e9 d\u00e9clar\u00e9es gu\u00e9ries des suites de prise en charge ce qui compl\u00e8te \u00e0 14 821 personnes depuis le 12 mars 2020. On a pas enregistr\u00e9 de nouveaux d\u00e9c\u00e8s heureusement. Le total des d\u00e9c\u00e8s hospitalis\u00e9s se chiffre \u00e0 88&Prime; a t-il soulign\u00e9. Pour sa part, Dr Sakoba Ke\u00efta ,Directeur G\u00e9n\u00e9ral de l&rsquo;Agence Nationale de S\u00e9curit\u00e9 Sanitaire s&rsquo;est dit pr\u00e9occup\u00e9 par cette nouvelle flamb\u00e9e de covid 19 en Guin\u00e9e. \u00ab\u00a0Pour le covid, le nombre est tr\u00e8s grand. Pratiquement, nous sommes \u00e0 un taux d&rsquo;occupation qui avoisine plus de 80%. Nous sommes m\u00eame oblig\u00e9s d&rsquo;ouvrir les centre d&rsquo;isolement de Sonfonia d&rsquo;ici demain parce que les autres d\u00e9ja sont \u00e0 plein r\u00e9gime\u00a0\u00bb a t-il indiqu\u00e9. Pour venir \u00e0 bout de ses \u00e9pid\u00e9mies, Dr Sakoba appelle les Guin\u00e9ens \u00e0 un sursaut. \u00ab\u00a0Donc, ce que je veux dire, il faut reprendre la sensibilisation. C&rsquo;est vrai que l&rsquo;\u00c9tat avait mis des mesures d&rsquo;all\u00e8gement, mais on s&rsquo;est rendu compte que ses mesures ont \u00e9t\u00e9 mal interpr\u00e9t\u00e9es parce qu&rsquo;on a pas fini l&rsquo;\u00e9pid\u00e9mie. On a tellement all\u00e8g\u00e9 que certains ont jet\u00e9 les bavettes, maintenant la maladie qui n&rsquo;\u00e9tait pas partie a rebondi. La maladie s&rsquo;est resurgit et aussi ce qu&rsquo;on constate maintenant , notre taux de mortalit\u00e9 c&rsquo;est pratiquement toute les semaines qu&rsquo;on enregistre les cas de d\u00e9c\u00e8s. Et \u00e7a frappe tr\u00e8s fort les gens qui ont moins de 50 ans alors que la premi\u00e8re vague, c&rsquo;\u00e9tait les personnes \u00e2g\u00e9es. Nous avons beaucoup d&rsquo;agents de sant\u00e9 de moins de 50 ans ont \u00e9t\u00e9 frapp\u00e9 par cette maladie qui, parfois m\u00eame ont besoin d&rsquo;\u00eatre r\u00e9anim\u00e9. Donc, les jeunes qui croient que ceux sont jeunes, leur corps se d\u00e9pend. Le nouveau variant frappe tout le monde et on a appris aussi qu&rsquo;il y&rsquo;a des jeunes qui sont d\u00e9c\u00e9d\u00e9s de covid aux \u00c9tats. Je veux dire que chacun de nous doit pouvoir appliquer les mesures barri\u00e8res. Si le monde appliquait, je vous assure m\u00eame si on envoyait pas de vaccins, \u00e7a va s&rsquo;arr\u00eater\u00a0\u00bb&lsquo;a martel\u00e9. Il faut noter que dans communiqu\u00e9 a rendu public hier sur les ondes m\u00e9dias d&rsquo;\u00c9tat, le gouvernement a durci les mesures barri\u00e8res. Camara Mamadouba<\/p>\n\n\n\n<p>Journaliste du site lefolan.com 669 47 27 97<\/p>\n","protected":false},"excerpt":{"rendered":"<div class=\"mh-excerpt\"><p>Suite \u00e0 la r\u00e9surgence de la pand\u00e9mie de covid 19 et l&rsquo;apparition de la maladie \u00e0 virus Ebola en Guin\u00e9e qui a pouss\u00e9 le gouvernement <a class=\"mh-excerpt-more\" href=\"http:\/\/www.lefolan.com\/fr\/2021\/02\/26\/en-guinee-lutte-contre-le-covid-dr-sakoba-keita-appelle-les-guineens-a-un-sursaut-national\/\" title=\"EN GUINEE : LUTTE CONTRE LE COVID Dr SAKOBA KE\u00cfTA APPELLE LES GUIN\u00c9ENS A UN SURSAUT NATIONAL\">[&#8230;]<\/a><\/p>\n<\/div>","protected":false},"author":1,"featured_media":918,"comment_status":"closed","ping_status":"open","sticky":false,"template":"","format":"standard","meta":[],"categories":[9],"tags":[],"_links":{"self":[{"href":"http:\/\/www.lefolan.com\/fr\/wp-json\/wp\/v2\/posts\/916"}],"collection":[{"href":"http:\/\/www.lefolan.com\/fr\/wp-json\/wp\/v2\/posts"}],"about":[{"href":"http:\/\/www.lefolan.com\/fr\/wp-json\/wp\/v2\/types\/post"}],"author":[{"embeddable":true,"href":"http:\/\/www.lefolan.com\/fr\/wp-json\/wp\/v2\/users\/1"}],"replies":[{"embeddable":true,"href":"http:\/\/www.lefolan.com\/fr\/wp-json\/wp\/v2\/comments?post=916"}],"version-history":[{"count":1,"href":"http:\/\/www.lefolan.com\/fr\/wp-json\/wp\/v2\/posts\/916\/revisions"}],"predecessor-version":[{"id":917,"href":"http:\/\/www.lefolan.com\/fr\/wp-json\/wp\/v2\/posts\/916\/revisions\/917"}],"wp:featuredmedia":[{"embeddable":true,"href":"http:\/\/www.lefolan.com\/fr\/wp-json\/wp\/v2\/media\/918"}],"wp:attachment":[{"href":"http:\/\/www.lefolan.com\/fr\/wp-json\/wp\/v2\/media?parent=916"}],"wp:term":[{"taxonomy":"category","embeddable":true,"href":"http:\/\/www.lefolan.com\/fr\/wp-json\/wp\/v2\/categories?post=916"},{"taxonomy":"post_tag","embeddable":true,"href":"http:\/\/www.lefolan.com\/fr\/wp-json\/wp\/v2\/tags?post=916"}],"curies":[{"name":"wp","href":"https:\/\/api.w.org\/{rel}","templated":true}]}}