{"id":930,"date":"2021-03-04T13:27:46","date_gmt":"2021-03-04T12:27:46","guid":{"rendered":"http:\/\/www.lefolan.com\/fr\/?p=930"},"modified":"2021-03-04T13:34:01","modified_gmt":"2021-03-04T12:34:01","slug":"guinee-election-a-la-feguifoot-kerfalla-camara-annonce-sa-candidature","status":"publish","type":"post","link":"http:\/\/www.lefolan.com\/fr\/2021\/03\/04\/guinee-election-a-la-feguifoot-kerfalla-camara-annonce-sa-candidature\/","title":{"rendered":"GUINEE : \u00c9LECTION \u00c0 LA FEGUIFOOT, KERFALLA CAMARA ANNONCE SA CANDIDATURE"},"content":{"rendered":"\n<p><strong>C&rsquo;est d\u00e9sormais officiel. Le pr\u00e9sident directeur g\u00e9n\u00e9ral de GUICOPRES, pr\u00e9sident HAFIA FC, Kerfella Camara KPC sera bel et bien candidat \u00e0 la pr\u00e9sidence de la f\u00e9d\u00e9ration guin\u00e9enne de football Feguifoot.<\/strong> <\/p>\n\n\n\n<p>L&rsquo;annonce a \u00e9t\u00e9 faite ce lundi, 1er mars 2020 lors d&rsquo;une conf\u00e9rence de presse qu&rsquo;il a anim\u00e9 au stade petit Sory de Nongo dans la commune de Ratoma. Dans de discours de circonstance, Kerfalla Person Camara est revenu sur les motivations de sa candidature \u00e0 la t\u00eate de la FEGUIFOOT. \u201c Sachez, pour couper court \u00e0 un suspense, que le sujet concerne le devenir de notre football national et plus pr\u00e9cis\u00e9ment le sort de la F\u00e9d\u00e9ration Guin\u00e9enne de Football, dont le mandat de l&rsquo;\u00e9quipe dirigeante actuelle est \u00e9chu depuis hier, 28 f\u00e9vrier 2021. Je veux aujourd&rsquo;hui vous dire quelques mots de ma perception de la gestion de la F\u00e9guifoot et de son mode de gouvernance; mais aussi et surtout vous exposer ma vision d&rsquo;avenir \u00e0 propos du football national. Les observateurs avertis de la sc\u00e8ne footballistique que vous \u00eates, savent que j&rsquo;ai \u00e9t\u00e9 pendant une ann\u00e9e environ Pr\u00e9sident de la Ligue Guin\u00e9enne de Football Professionnel et vice-pr\u00e9sident de la F\u00e9guifoot. Vous n&rsquo;ignorez pas non plus que j&rsquo;ai d\u00e9missionn\u00e9 de ces deux mandats il y a pr\u00e8s de trois ans pour manifester mon profond d\u00e9saccord face au choix de gestion centralis\u00e9e, autoritaire et opaque du pr\u00e9sident de la f\u00e9d\u00e9ration : ne laissant aucun espace d&rsquo;expression et d&rsquo;initiative \u00e0 la Ligue qui s&rsquo;est ainsi trouv\u00e9e marginalis\u00e9e et priv\u00e9e de toute autonomie dans son fonctionnement\u00a0\u00bb a t-il d\u00e9clar\u00e9. De poursuivre .\u201cNous sommes tous des Guin\u00e9ens amoureux de notre pays qui souhaitons en v\u00e9hiculer la meilleure image possible \u00e0 travers le monde. Et le football constitue \u00e0 cet \u00e9gard, comme vous le savez, un formidable vecteur de communication \u00e0 condition qu&rsquo;il soit g\u00e9r\u00e9 et administr\u00e9 dans cette perspective&#8230; Or force est de constater que nous sommes bien loin du compte aujourd&rsquo;hui.En effet, nous avons eu \u00e0 subir r\u00e9cemment d&rsquo;humiliation d&rsquo;une disqualification par la CAF de nos U-17 pour une sombre affaire de falsification des dates de naissance de nos jeunes joueurs inscrits par la F\u00e9guifoot pour disputer la CAN de cette cat\u00e9gorie d&rsquo; ages; sachant que notre \u00c9quipe Nationale U-17est suspendue au moment ou je vous parle, car nous sommes toujours en train de payer le prie de la sanction inflige \u00e0 la F\u00e9guifoot. Nos jeunes sont par ailleurs totalement ignor\u00e9s par une F\u00e9guifoot qui n&rsquo;a jamais pris la peine de mettre en place un quelconque plan de formation, ni m\u00eame d&rsquo;organiser des comp\u00e9titions-minimes, cadets et juniors- dignes de ce nom, pourtant n\u00e9cessaires au parcours sportif d&rsquo;un jeune footballeur destin\u00e9 \u00e0 nourrir nos clubs et le Syli national. Au chapitre des humiliations, nous avons d\u00fb \u00e9galement essuyer derni\u00e8rement affront de voir le candidat officiel de la Guin\u00e9e invalid\u00e9e par la Commission de Gouvernance de la CAF, Pour le mandat qu&rsquo;il briguait au sein du prestigieux Comit\u00e9-ex\u00e9cutif de la Conf\u00e9d\u00e9ration africaine de football.Et je ne veux pas, au-del\u00e0 de ce que je viens de mentionner, rentrer dans les d\u00e9tails de tous les scandales d\u00e9plorables qui ont r\u00e9cemment mis \u00e0 m\u00e2le cr\u00e9dibilit\u00e9 de notre F\u00e9d\u00e9ration.Je pr\u00e9tends haut et fort chers amis, que nous m\u00e9ritons mieux que cela, oui notre Guin\u00e9e vaut<\/p>\n\n\n\n<p>Beaucoup mieux que cela, car ce n&rsquo;est pas cette 3\u00e8me place au CHAN 2021-performance certes louable et dont l&rsquo;unique m\u00e9rite revient \u00e0 la ligue professionnelle, dont tous les joueurs sont issus qui peut a elle seule nous satisfaire et nous conduire \u00e0 valider le bilan de la F\u00e9d\u00e9ration sortante. La performance du CHAN est de mon point de vue un arbre qui cache la for\u00eat de nos insuffisances I Nous ne pouvons pas en effet oublier que la F\u00e9guifoot a totalement faillit \u00e0 ouvrir les nombreux chantiers essentiels au d\u00e9veloppement de notre football! Voil\u00e0 pourquoi je saisis aujourd&rsquo;hui l&rsquo;opportunit\u00e9 de vous annoncer ma candidature \u00e0 la pr\u00e9sidence de notre maison F\u00e9guifoot , en promettant de tout faire pour que nous puissions reconqu\u00e9rir enfin la place que nous m\u00e9ritons: en phase avec les aspirations de la famille du football Guin\u00e9en\u00a0\u00bb a annonc\u00e9. Une fois \u00e0 t\u00eate de la FEGUIFOOT, le pr\u00e9sident de HAFIA FC s&rsquo;engage \u00e0 redorer le blason du football Guin\u00e9e. \u201cJe m&rsquo;engage \u00e0 initier d\u00e8s mon \u00e9lection, avec l&rsquo;appui de l\u2019\u00e9quipe homog\u00e8ne qui m&rsquo;accompagnera, des r\u00e9formes profondes que tous les amateurs de football Guin\u00e9ens appellent de leurs v\u0153ux. Ainsi mon programme r\u00e9pondra \u00e0 notre volont\u00e9 concordante \u00e0 tous, qu&rsquo;il est de voir notre football briller \u00e0 nouveau de tout son \u00e9clat: un programme articul\u00e9 sur les cinq axes majeurs suivants:Gouvernance, Formation, Professionnalisation, infrastructures, Patriotisme\u00a0\u00bb a-t-il martel\u00e9.<\/p>\n\n\n\n<p> CAMARA MAMADOUBA<\/p>\n\n\n\n<p>Journaliste<\/p>\n\n\n\n<p> 0224 669 14 62 22<\/p>\n","protected":false},"excerpt":{"rendered":"<div class=\"mh-excerpt\"><p>C&rsquo;est d\u00e9sormais officiel. Le pr\u00e9sident directeur g\u00e9n\u00e9ral de GUICOPRES, pr\u00e9sident HAFIA FC, Kerfella Camara KPC sera bel et bien candidat \u00e0 la pr\u00e9sidence de la <a class=\"mh-excerpt-more\" href=\"http:\/\/www.lefolan.com\/fr\/2021\/03\/04\/guinee-election-a-la-feguifoot-kerfalla-camara-annonce-sa-candidature\/\" title=\"GUINEE : \u00c9LECTION \u00c0 LA FEGUIFOOT, KERFALLA CAMARA ANNONCE SA CANDIDATURE\">[&#8230;]<\/a><\/p>\n<\/div>","protected":false},"author":1,"featured_media":934,"comment_status":"closed","ping_status":"open","sticky":false,"template":"","format":"standard","meta":[],"categories":[5],"tags":[],"_links":{"self":[{"href":"http:\/\/www.lefolan.com\/fr\/wp-json\/wp\/v2\/posts\/930"}],"collection":[{"href":"http:\/\/www.lefolan.com\/fr\/wp-json\/wp\/v2\/posts"}],"about":[{"href":"http:\/\/www.lefolan.com\/fr\/wp-json\/wp\/v2\/types\/post"}],"author":[{"embeddable":true,"href":"http:\/\/www.lefolan.com\/fr\/wp-json\/wp\/v2\/users\/1"}],"replies":[{"embeddable":true,"href":"http:\/\/www.lefolan.com\/fr\/wp-json\/wp\/v2\/comments?post=930"}],"version-history":[{"count":4,"href":"http:\/\/www.lefolan.com\/fr\/wp-json\/wp\/v2\/posts\/930\/revisions"}],"predecessor-version":[{"id":935,"href":"http:\/\/www.lefolan.com\/fr\/wp-json\/wp\/v2\/posts\/930\/revisions\/935"}],"wp:featuredmedia":[{"embeddable":true,"href":"http:\/\/www.lefolan.com\/fr\/wp-json\/wp\/v2\/media\/934"}],"wp:attachment":[{"href":"http:\/\/www.lefolan.com\/fr\/wp-json\/wp\/v2\/media?parent=930"}],"wp:term":[{"taxonomy":"category","embeddable":true,"href":"http:\/\/www.lefolan.com\/fr\/wp-json\/wp\/v2\/categories?post=930"},{"taxonomy":"post_tag","embeddable":true,"href":"http:\/\/www.lefolan.com\/fr\/wp-json\/wp\/v2\/tags?post=930"}],"curies":[{"name":"wp","href":"https:\/\/api.w.org\/{rel}","templated":true}]}}