{"id":968,"date":"2021-04-08T09:15:09","date_gmt":"2021-04-08T07:15:09","guid":{"rendered":"http:\/\/www.lefolan.com\/fr\/?p=968"},"modified":"2021-04-08T09:18:28","modified_gmt":"2021-04-08T07:18:28","slug":"la-guinee-labe-sangni-ou-le-germe-du-ku-klux-klan-guinee","status":"publish","type":"post","link":"http:\/\/www.lefolan.com\/fr\/2021\/04\/08\/la-guinee-labe-sangni-ou-le-germe-du-ku-klux-klan-guinee\/","title":{"rendered":"LA GUINEE: LABE SANGNI OU LE GERME DU KU KLUX KLAN GUINEE ?"},"content":{"rendered":"\n<p>Les groupements ou associations aux relents communautaristes, qui sapent l\u2019unit\u00e9 nationale, menacent la paix et la qui\u00e9tude sociale dans notre Pays devraient tous \u00eatre proscrits, sans exception aucune, car nous sommes dans une R\u00e9publique.<\/p>\n\n\n\n<p>L\u2019article 4 de notre Constitution dispose&nbsp;<strong>:\u00ab&nbsp;la loi punit quiconque par un acte de discrimination raciale, ethnique, religieuse, par un acte de propagande r\u00e9gionaliste, ou par tout acte, porte atteinte \u00e0 l\u2019unit\u00e9 nationale, \u00e0 la s\u00e9curit\u00e9 de l\u2019Etat, \u00e0 l\u2019int\u00e9grit\u00e9 du territoire de la R\u00e9publique ou au fonctionnement d\u00e9mocratique des Institutions. \u00bb<\/strong><\/p>\n\n\n\n<p>En plus d\u2019enhardir le repli identitaire, les associations \u00e0 connotation ethnique \u00e9br\u00e8chent compl\u00e8tement les fibres sociales et exposent \u00e0 un risque accru de d\u00e9chirure dans le tissu social de la Nation.<\/p>\n\n\n\n<p>Si nous voulons une Guin\u00e9e prosp\u00e8re, unie, forte, sans ethnie aucune, \u00e0 d\u00e9faut de de supprimer les coordinations r\u00e9gionales, les autorit\u00e9s devraient clairement d\u00e9finir leurs extr\u00e9mit\u00e9s en les r\u00e9orientant strictement sur la promotion de nos valeurs culturelles.<\/p>\n\n\n\n<p>Depuis un certain temps, une horde de jeunes se faisant passer pour les d\u00e9fenseurs des int\u00e9r\u00eats de certains guin\u00e9ens contre d\u2019autres, dicte sa loi aux paisibles citoyens, notamment \u00e0 Coyah, Dubreka et alentours.<\/p>\n\n\n\n<p>Nul guin\u00e9en n\u2019est \u00e9tranger sur le sol guin\u00e9en. Nous courons tous de gros risques si des dispositions pressantes ne sont pas prises maintenant \u00e0 l\u2019encontre de ce clan.<\/p>\n\n\n\n<p>L\u2019heure est grave \u00e0 telle enseigne que si nous ne mettons pas nos \u00e9nergies et esprit ensemble pour pr\u00f4ner l\u2019acceptation de l\u2019autre, nous nous acheminons tout droit vers l\u2019incompr\u00e9hension.<\/p>\n\n\n\n<p>Les menaces pesant sur l\u2019unit\u00e9 nationale, la paix et la cohabitation pacifique sont si \u00e9normes que chacun doit s\u2019y mettre pour \u00e9viter que notre Pays ne se retrouve dans des situations comme celles du Zimbabwe et autres.<\/p>\n\n\n\n<p>En effet, au m\u00e9pris des textes et valeurs traditionnelles r\u00e9gissant notre soci\u00e9t\u00e9, ce groupe d\u2019extr\u00e9mistes se livre, \u00e0 c\u0153ur joie et en toute impunit\u00e9, \u00e0 des exactions ineffables sur de paisibles populations en les spoliant de leurs terres.<\/p>\n\n\n\n<p>Les causes de toutes les confrontations dans le monde sont de quatre (4) ordres&nbsp;:la femme, le foncier, le pouvoir et l\u2019argent.<\/p>\n\n\n\n<p>Il est inadmissible et m\u00eame r\u00e9voltant que des guin\u00e9ens ayant r\u00e9guli\u00e8rement acquis et mis en valeur des domaines soient spoli\u00e9s par d\u2019autres, sous pr\u00e9texte que ces terres appartiennent \u00e0 leurs anc\u00eatres.<\/p>\n\n\n\n<p>La Guin\u00e9e est notre patrimoine commun \u00e0 tous. Partout o\u00f9 un guin\u00e9en se retrouve ou s\u2019\u00e9tablit sur le territoire national, il est chez lui. Il ne doit \u00eatre inqui\u00e9t\u00e9 ni spoli\u00e9 de ses terres pour une quelconque raison que ce soit par d\u2019autres guin\u00e9ens.<\/p>\n\n\n\n<p>Ramener ces jeunes \u00e0 l\u2019ordre aujourd\u2019hui devrait faire partie des priorit\u00e9s des autorit\u00e9s, car il est incompr\u00e9hensible que des citoyens ayant vendu leurs terres \u00e0 d\u2019autres les r\u00e9clament une fois la mise en valeur de ces domaines par les acheteurs.<\/p>\n\n\n\n<p>Ne nous leurrons pas. Les agissements de ce groupe qui en r\u00e9alit\u00e9 ne d\u00e9fend les valeurs d\u2019aucune r\u00e9gion, constituent les ingr\u00e9dients de d\u00e9sagr\u00e9gation d\u2019une Nation. Tous ceux qui sont \u00e9pris de paix et de justice devraient se dresser aujourd\u2019hui comme un seul homme contre les agissements de ces gens qui ne cessent d\u2019attiser la tension entre des populations depuis un bon moment.<\/p>\n\n\n\n<p>Personne n\u2019a le droit de se substituer \u00e0 la Justice. Tout citoyen qui se sent d\u00e9poss\u00e9der de ses terres par la violence ou ruse, porte l\u2019affaire devant les juridictions comp\u00e9tentes. Ce n\u2019est aucunement \u00e0 un groupuscule de le faire en lieu et place de la Justice.<\/p>\n\n\n\n<p>A proprement parler, personne n\u2019est contre que des citoyens s\u2019organisent pour faire la promotion de leurs cultures. Mais se constituer en groupes pour aller s\u2019attaquer aux gens, confisquer leurs terres et se les redistribuer est une attitude que les autorit\u00e9s devraient r\u00e9primer.<\/p>\n\n\n\n<p>A partir des ann\u00e9es 1985, tout juste \u00e0 la mort du premier Pr\u00e9sident guin\u00e9en, le camarade Ahmed S\u00e9kou Tour\u00e9, d\u2019autres guin\u00e9ens avaient aussi \u00e9t\u00e9 victimes de d\u00e9possession de leurs terres.<\/p>\n\n\n\n<p>Je rappelle ce pan sombre de notre histoire non pas pour mettre le couteau dans la plaie des gens ou attiser la tension, loin s\u2019en faut. Je le fais tout juste afin d\u2019attirer l\u2019attention des autorit\u00e9s, notamment le Minist\u00e8re en charge de la Justice pour qu\u2019il prenne ses responsabilit\u00e9s contre de telles attitudes, car, en plus d\u2019exposer chacun de nous, ces agissements mettent dangereusement en p\u00e9ril l\u2019unit\u00e9 nationale.<\/p>\n\n\n\n<p>Nous devons \u00e0 tout prix \u00e9viter de cr\u00e9er des pr\u00e9c\u00e9dents dangereux pour la coh\u00e9sion sociale. Aujourd\u2019hui c\u2019est Paul et demain, on ne sait jamais \u00e0 qui le tour.<\/p>\n\n\n\n<p>En clair, se r\u00e9signer face \u00e0 cette injustice qui n\u2019a que trop dur\u00e9, c\u2019est de se rendre complice de la fragilisation du tissu social.<\/p>\n\n\n\n<p>Seule la Justice peut retirer le titre foncier \u00e0 un citoyen. Mais en aucun cas, il n\u2019est permis \u00e0 des citoyens de se constituer en mouvements pour r\u00e9cup\u00e9rer des terres obtenues dans le respect de la l\u00e9gislation fonci\u00e8re.<\/p>\n\n\n\n<p>Le silence devant le crime n\u2019a-t-il pas ses implications de responsabilit\u00e9 dans le crime, comme le disait le Pr\u00e9sident Ahmed S\u00e9kou Tour\u00e9&nbsp;?<\/p>\n\n\n\n<p>Cette forme de vendetta que d\u2019autres citoyens pourront exercer un jour dans leurs pr\u00e9fectures ou r\u00e9gions, m\u00e9rite d\u2019\u00eatre d\u00e9nonc\u00e9e et combattue par tous.<\/p>\n\n\n\n<p>Le Ministre de la Justice doit sortir de cette complaisance coupable pour donner de la voix \u00e0 travers un communiqu\u00e9 multi diffus\u00e9 pour l\u2019arr\u00eat de ces hostilit\u00e9s dans notre Pays.<\/p>\n\n\n\n<p>Les autorit\u00e9s \u00e0 tous les niveaux doivent s\u00e9vir pendant qu\u2019il est encore temps contre ces pyromanes afin de pr\u00e9server l\u2019unit\u00e9 nationale.<\/p>\n\n\n\n<p>De l\u2019autre, que l\u2019\u00c9tat ram\u00e8ne dans ses patrimoines la terre comme au temps de la premi\u00e8re R\u00e9publique, sinon \u00e0 ce rythme, nous partons tout droit vers des menaces communautaires.<\/p>\n\n\n\n<p>Clairement, si cette association a l\u2019agr\u00e9ment, que le Minist\u00e8re de l\u2019Administration du Territoire veuille bien le lui retirer, car elle menace la paix et la coh\u00e9sion sociale dans notre Pays. En tout cas, pr\u00e9venir vaut mieux que gu\u00e9rir.<\/p>\n\n\n\n<p>Je suis Soussou, Peul, Malink\u00e9, Forestier. Je suis guin\u00e9en tout court.<\/p>\n\n\n\n<p><strong>Sayon MARA, Juriste<\/strong><\/p>\n","protected":false},"excerpt":{"rendered":"<div class=\"mh-excerpt\"><p>Les groupements ou associations aux relents communautaristes, qui sapent l\u2019unit\u00e9 nationale, menacent la paix et la qui\u00e9tude sociale dans notre Pays devraient tous \u00eatre proscrits, <a class=\"mh-excerpt-more\" href=\"http:\/\/www.lefolan.com\/fr\/2021\/04\/08\/la-guinee-labe-sangni-ou-le-germe-du-ku-klux-klan-guinee\/\" title=\"LA GUINEE: LABE SANGNI OU LE GERME DU KU KLUX KLAN GUINEE ?\">[&#8230;]<\/a><\/p>\n<\/div>","protected":false},"author":1,"featured_media":659,"comment_status":"closed","ping_status":"open","sticky":false,"template":"","format":"standard","meta":[],"categories":[3],"tags":[],"_links":{"self":[{"href":"http:\/\/www.lefolan.com\/fr\/wp-json\/wp\/v2\/posts\/968"}],"collection":[{"href":"http:\/\/www.lefolan.com\/fr\/wp-json\/wp\/v2\/posts"}],"about":[{"href":"http:\/\/www.lefolan.com\/fr\/wp-json\/wp\/v2\/types\/post"}],"author":[{"embeddable":true,"href":"http:\/\/www.lefolan.com\/fr\/wp-json\/wp\/v2\/users\/1"}],"replies":[{"embeddable":true,"href":"http:\/\/www.lefolan.com\/fr\/wp-json\/wp\/v2\/comments?post=968"}],"version-history":[{"count":1,"href":"http:\/\/www.lefolan.com\/fr\/wp-json\/wp\/v2\/posts\/968\/revisions"}],"predecessor-version":[{"id":969,"href":"http:\/\/www.lefolan.com\/fr\/wp-json\/wp\/v2\/posts\/968\/revisions\/969"}],"wp:featuredmedia":[{"embeddable":true,"href":"http:\/\/www.lefolan.com\/fr\/wp-json\/wp\/v2\/media\/659"}],"wp:attachment":[{"href":"http:\/\/www.lefolan.com\/fr\/wp-json\/wp\/v2\/media?parent=968"}],"wp:term":[{"taxonomy":"category","embeddable":true,"href":"http:\/\/www.lefolan.com\/fr\/wp-json\/wp\/v2\/categories?post=968"},{"taxonomy":"post_tag","embeddable":true,"href":"http:\/\/www.lefolan.com\/fr\/wp-json\/wp\/v2\/tags?post=968"}],"curies":[{"name":"wp","href":"https:\/\/api.w.org\/{rel}","templated":true}]}}